{"id":8727,"date":"2023-11-22T16:07:16","date_gmt":"2023-11-22T19:07:16","guid":{"rendered":"https:\/\/prefeitura.santarosa.rs.gov.br\/?p=8727"},"modified":"2024-10-07T09:52:48","modified_gmt":"2024-10-07T12:52:48","slug":"prefeito-sanciona-lei-complementar-do-plano-diretor-de-santa-rosa","status":"publish","type":"post","link":"https:\/\/prefeitura.santarosa.rs.gov.br\/?p=8727","title":{"rendered":"<strong>Prefeito sanciona Lei Complementar do Plano Diretor de Santa Rosa<\/strong>"},"content":{"rendered":"\n<figure class=\"wp-block-image size-full\"><img fetchpriority=\"high\" decoding=\"async\" width=\"860\" height=\"645\" src=\"https:\/\/prefeitura.santarosa.rs.gov.br\/wp-content\/uploads\/2023\/11\/Formato-Site-e-Portal-860X645-JPG-2023-11-22T160544.331.jpg\" alt=\"\" class=\"wp-image-8728\" srcset=\"https:\/\/prefeitura.santarosa.rs.gov.br\/wp-content\/uploads\/2023\/11\/Formato-Site-e-Portal-860X645-JPG-2023-11-22T160544.331.jpg 860w, https:\/\/prefeitura.santarosa.rs.gov.br\/wp-content\/uploads\/2023\/11\/Formato-Site-e-Portal-860X645-JPG-2023-11-22T160544.331-300x225.jpg 300w, https:\/\/prefeitura.santarosa.rs.gov.br\/wp-content\/uploads\/2023\/11\/Formato-Site-e-Portal-860X645-JPG-2023-11-22T160544.331-768x576.jpg 768w\" sizes=\"(max-width: 860px) 100vw, 860px\" \/><\/figure>\n\n\n\n<p>O Prefeito Anderson Mantei sancionou a Lei Complementar n\u00ba 190\/2023, de altera\u00e7\u00e3o do Plano Diretor de Santa Rosa. O documento j\u00e1 havia sido aprovado na C\u00e2mara Municipal de Vereadores. As novas regras e diretrizes v\u00e3o guiar o crescimento urbano da cidade pelos pr\u00f3ximos anos, al\u00e9m de facilitar os projetos dos loteamentos e desmembramentos de lotes.<\/p>\n\n\n\n<p>Entre as altera\u00e7\u00f5es realizadas no Plano Diretor, houve uma pequena amplia\u00e7\u00e3o do per\u00edmetro urbano na regi\u00e3o de Candeia e no zoneamento de diversas outras regi\u00f5es ampliando a possibilidade de implementa\u00e7\u00e3o de \u00e1reas comerciais\/industriais e de presta\u00e7\u00e3o de servi\u00e7os. Foram alterados tamb\u00e9m, par\u00e2metros urban\u00edsticos que ir\u00e3o permitir, por exemplo, o recuo de ajardinamento para lotes de esquina em apenas uma das testadas, independente das suas dimens\u00f5es. Al\u00e9m disso, houveram altera\u00e7\u00f5es nos percentuais relativos ao parcelamento do solo, entre outras modifica\u00e7\u00f5es que ir\u00e3o nortear as decis\u00f5es administrativas do Poder Executivo, nas an\u00e1lises das solicita\u00e7\u00f5es encaminhadas pela popula\u00e7\u00e3o.<\/p>\n\n\n\n<p>A LC 190\/2023 alterou a Lei Complementar anterior, n\u00ba 118\/2017, intitulada como: Plano Diretor Participativo de Desenvolvimento Sustent\u00e1vel do Munic\u00edpio de Santa Rosa. O Plano Diretor \u00e9 muito amplo e estabelece diretrizes para o territ\u00f3rio municipal que permitem o crescimento ordenado, tanto na \u00e1rea urbana quanto na \u00e1rea rural. O Prefeito Anderson Mantei, destacou que Santa Rosa vem crescendo e evoluindo dia ap\u00f3s dia, em todas as \u00e1reas e por isso, \u00e9 necess\u00e1rio que a lei acompanhe essas transforma\u00e7\u00f5es, \u201cEsta Lei Complementar vem para facilitar o trabalho realizado no munic\u00edpio e para promover ainda mais o crescimento de Santa Rosa. Foram alterados alguns pontos que estavam sendo um limitador no desenvolvimento da nossa cidade\u201d.<\/p>\n\n\n\n<p>Participaram do ato de assinatura, representantes do Conselho Municipal de Desenvolvimento Sustent\u00e1vel \u2013 CMDS, o Vice-Prefeito Aldemir Ulrich, o Secret\u00e1rio de Planejamento e Habita\u00e7\u00e3o, Cl\u00e1udio Franke, a Secret\u00e1ria de Educa\u00e7\u00e3o e Cultura, Lires Zimmermann, o Secret\u00e1rio de Mobilidade Urbana, Maicon Zamboni, o Diretor da Procuradoria Geral do Munic\u00edpio, Fl\u00e1vio Fagundes, a Diretora de Capta\u00e7\u00e3o de Recursos, Caliandra Perini e os vereadores da base: Rafael Rufino, Tenente Amarildo Kaiber, Gilberto Kr\u00fcger e Vitor de Conti.<\/p>\n","protected":false},"excerpt":{"rendered":"<p>O Prefeito Anderson Mantei sancionou a Lei Complementar n\u00ba 190\/2023, de altera\u00e7\u00e3o do Plano Diretor de Santa Rosa. O documento<\/p>\n","protected":false},"author":6,"featured_media":8729,"comment_status":"closed","ping_status":"closed","sticky":false,"template":"","format":"standard","meta":{"footnotes":""},"categories":[4,22],"tags":[],"class_list":["post-8727","post","type-post","status-publish","format-standard","has-post-thumbnail","hentry","category-noticias","category-secretaria-municipal-de-planejamento-e-habitacao"],"aioseo_notices":[],"_links":{"self":[{"href":"https:\/\/prefeitura.santarosa.rs.gov.br\/index.php?rest_route=\/wp\/v2\/posts\/8727","targetHints":{"allow":["GET"]}}],"collection":[{"href":"https:\/\/prefeitura.santarosa.rs.gov.br\/index.php?rest_route=\/wp\/v2\/posts"}],"about":[{"href":"https:\/\/prefeitura.santarosa.rs.gov.br\/index.php?rest_route=\/wp\/v2\/types\/post"}],"author":[{"embeddable":true,"href":"https:\/\/prefeitura.santarosa.rs.gov.br\/index.php?rest_route=\/wp\/v2\/users\/6"}],"replies":[{"embeddable":true,"href":"https:\/\/prefeitura.santarosa.rs.gov.br\/index.php?rest_route=%2Fwp%2Fv2%2Fcomments&post=8727"}],"version-history":[{"count":1,"href":"https:\/\/prefeitura.santarosa.rs.gov.br\/index.php?rest_route=\/wp\/v2\/posts\/8727\/revisions"}],"predecessor-version":[{"id":8730,"href":"https:\/\/prefeitura.santarosa.rs.gov.br\/index.php?rest_route=\/wp\/v2\/posts\/8727\/revisions\/8730"}],"wp:featuredmedia":[{"embeddable":true,"href":"https:\/\/prefeitura.santarosa.rs.gov.br\/index.php?rest_route=\/wp\/v2\/media\/8729"}],"wp:attachment":[{"href":"https:\/\/prefeitura.santarosa.rs.gov.br\/index.php?rest_route=%2Fwp%2Fv2%2Fmedia&parent=8727"}],"wp:term":[{"taxonomy":"category","embeddable":true,"href":"https:\/\/prefeitura.santarosa.rs.gov.br\/index.php?rest_route=%2Fwp%2Fv2%2Fcategories&post=8727"},{"taxonomy":"post_tag","embeddable":true,"href":"https:\/\/prefeitura.santarosa.rs.gov.br\/index.php?rest_route=%2Fwp%2Fv2%2Ftags&post=8727"}],"curies":[{"name":"wp","href":"https:\/\/api.w.org\/{rel}","templated":true}]}}