{"id":8698,"date":"2023-11-17T14:07:06","date_gmt":"2023-11-17T17:07:06","guid":{"rendered":"https:\/\/prefeitura.santarosa.rs.gov.br\/?p=8698"},"modified":"2024-10-07T09:52:48","modified_gmt":"2024-10-07T12:52:48","slug":"abertura-do-musicanto-40-anos-e-realizada-em-santa-rosa","status":"publish","type":"post","link":"https:\/\/prefeitura.santarosa.rs.gov.br\/?p=8698","title":{"rendered":"<strong>Abertura do \u201cMusicanto 40 anos\u201d \u00e9 realizada em Santa Rosa<\/strong>"},"content":{"rendered":"\n<figure class=\"wp-block-image size-full\"><img fetchpriority=\"high\" decoding=\"async\" width=\"860\" height=\"645\" src=\"https:\/\/prefeitura.santarosa.rs.gov.br\/wp-content\/uploads\/2023\/11\/Formato-Site-e-Portal-860X645-JPG-2023-11-17T140502.648.jpg\" alt=\"\" class=\"wp-image-8699\" srcset=\"https:\/\/prefeitura.santarosa.rs.gov.br\/wp-content\/uploads\/2023\/11\/Formato-Site-e-Portal-860X645-JPG-2023-11-17T140502.648.jpg 860w, https:\/\/prefeitura.santarosa.rs.gov.br\/wp-content\/uploads\/2023\/11\/Formato-Site-e-Portal-860X645-JPG-2023-11-17T140502.648-300x225.jpg 300w, https:\/\/prefeitura.santarosa.rs.gov.br\/wp-content\/uploads\/2023\/11\/Formato-Site-e-Portal-860X645-JPG-2023-11-17T140502.648-768x576.jpg 768w\" sizes=\"(max-width: 860px) 100vw, 860px\" \/><\/figure>\n\n\n\n<p>Os santa-rosenses celebraram nesta quinta-feira (16), as quatro d\u00e9cadas de realiza\u00e7\u00e3o do Musicanto Sul-Americano de Nativismo no munic\u00edpio. O evento de abertura do \u201cMusicanto 40 anos\u201d ocorreu no Centro C\u00edvico Cultural Ant\u00f4nio Carlos Borges e contou com a participa\u00e7\u00e3o de 24 concorrentes, vindos de v\u00e1rias regi\u00f5es do Brasil, com representa\u00e7\u00f5es de S\u00e3o Paulo, Par\u00e1, Bahia, Maranh\u00e3o, al\u00e9m do Rio Grande do Sul, e de pa\u00edses vizinhos, como Uruguai e Paraguai.<\/p>\n\n\n\n<p>&nbsp;Antes das participa\u00e7\u00f5es dos 12 primeiros concorrentes, a abertura teve a presen\u00e7a do Guri de Uruguaiana que se apresentou no palco do festival.&nbsp; O Presidente desta edi\u00e7\u00e3o do Musicanto, Gerson Lauermann, ressaltou que este \u00e9 um momento de celebra\u00e7\u00e3o pela chegada dos 40 anos do evento que, em 1983, passava a integrar o circuito dos festivais nativistas do Rio Grande do Sul, al\u00e9m de imprimir um novo estilo de competi\u00e7\u00e3o, com espa\u00e7o para todos os ritmos e sotaques, \u201cEsta \u00e9 uma noite hist\u00f3rica para o Musicanto, que h\u00e1 quatro d\u00e9cadas atua como elemento integrador da cultura latino-americana. Um festival de caracter\u00edsticas singulares, que resgata culturas e valoriza todas as manifesta\u00e7\u00f5es da m\u00fasica do continente\u201d.<\/p>\n\n\n\n<p>O Musicanto est\u00e1 com estrutura montada em frente ao Centro C\u00edvico Ant\u00f4nio Carlos Borges. S\u00e3o 800m\u00b2 de \u00e1rea coberta com palco para apresenta\u00e7\u00f5es e tert\u00falias, al\u00e9m de feira de artesanato, pontos de alimenta\u00e7\u00e3o, espa\u00e7o do chimarr\u00e3o e intera\u00e7\u00e3o. O Prefeito Anderson Mantei, agradeceu o empenho da comiss\u00e3o organizadora, volunt\u00e1rios e a presen\u00e7a da comunidade, \u201cCom o esfor\u00e7o e a colabora\u00e7\u00e3o conjunta da Prefeitura, Musicanto e Fenasoja conseguimos fazer com que hoje, mais uma vez, Santa Rosa fosse palco desta festa que j\u00e1 \u00e9 tradicional em nosso munic\u00edpio, nosso Estado e que \u00e9 refer\u00eancia no pa\u00eds e fora dele. Estamos muito contentes em comemorar estes 40 anos de trajet\u00f3ria e temos certeza que esta ser\u00e1 uma grande edi\u00e7\u00e3o\u201d.<\/p>\n\n\n\n<p>O Musicanto 40 anos vai at\u00e9 o dia 18 de novembro, quando ser\u00e1 realizado o encerramento do festival. Informa\u00e7\u00f5es sobre ingressos podem ser obtidas no site oficial do Musicanto.<\/p>\n","protected":false},"excerpt":{"rendered":"<p>Os santa-rosenses celebraram nesta quinta-feira (16), as quatro d\u00e9cadas de realiza\u00e7\u00e3o do Musicanto Sul-Americano de Nativismo no munic\u00edpio. O evento<\/p>\n","protected":false},"author":6,"featured_media":8700,"comment_status":"closed","ping_status":"closed","sticky":false,"template":"","format":"standard","meta":{"footnotes":""},"categories":[4,15,3],"tags":[],"class_list":["post-8698","post","type-post","status-publish","format-standard","has-post-thumbnail","hentry","category-noticias","category-secretaria-municipal-de-comunicacao","category-gabinete-do-prefeito"],"aioseo_notices":[],"_links":{"self":[{"href":"https:\/\/prefeitura.santarosa.rs.gov.br\/index.php?rest_route=\/wp\/v2\/posts\/8698","targetHints":{"allow":["GET"]}}],"collection":[{"href":"https:\/\/prefeitura.santarosa.rs.gov.br\/index.php?rest_route=\/wp\/v2\/posts"}],"about":[{"href":"https:\/\/prefeitura.santarosa.rs.gov.br\/index.php?rest_route=\/wp\/v2\/types\/post"}],"author":[{"embeddable":true,"href":"https:\/\/prefeitura.santarosa.rs.gov.br\/index.php?rest_route=\/wp\/v2\/users\/6"}],"replies":[{"embeddable":true,"href":"https:\/\/prefeitura.santarosa.rs.gov.br\/index.php?rest_route=%2Fwp%2Fv2%2Fcomments&post=8698"}],"version-history":[{"count":1,"href":"https:\/\/prefeitura.santarosa.rs.gov.br\/index.php?rest_route=\/wp\/v2\/posts\/8698\/revisions"}],"predecessor-version":[{"id":8701,"href":"https:\/\/prefeitura.santarosa.rs.gov.br\/index.php?rest_route=\/wp\/v2\/posts\/8698\/revisions\/8701"}],"wp:featuredmedia":[{"embeddable":true,"href":"https:\/\/prefeitura.santarosa.rs.gov.br\/index.php?rest_route=\/wp\/v2\/media\/8700"}],"wp:attachment":[{"href":"https:\/\/prefeitura.santarosa.rs.gov.br\/index.php?rest_route=%2Fwp%2Fv2%2Fmedia&parent=8698"}],"wp:term":[{"taxonomy":"category","embeddable":true,"href":"https:\/\/prefeitura.santarosa.rs.gov.br\/index.php?rest_route=%2Fwp%2Fv2%2Fcategories&post=8698"},{"taxonomy":"post_tag","embeddable":true,"href":"https:\/\/prefeitura.santarosa.rs.gov.br\/index.php?rest_route=%2Fwp%2Fv2%2Ftags&post=8698"}],"curies":[{"name":"wp","href":"https:\/\/api.w.org\/{rel}","templated":true}]}}