{"id":8695,"date":"2023-11-17T08:45:54","date_gmt":"2023-11-17T11:45:54","guid":{"rendered":"https:\/\/prefeitura.santarosa.rs.gov.br\/?p=8695"},"modified":"2024-10-07T09:52:48","modified_gmt":"2024-10-07T12:52:48","slug":"tempo-de-abertura-de-empresa-em-santa-rosa-e-de-apenas-6-horas","status":"publish","type":"post","link":"https:\/\/prefeitura.santarosa.rs.gov.br\/?p=8695","title":{"rendered":"<strong>Tempo de abertura de empresa em Santa Rosa \u00e9 de apenas 6 horas<\/strong>"},"content":{"rendered":"\n<figure class=\"wp-block-image size-full\"><img fetchpriority=\"high\" decoding=\"async\" width=\"860\" height=\"645\" src=\"https:\/\/prefeitura.santarosa.rs.gov.br\/wp-content\/uploads\/2023\/11\/Formato-Site-e-Portal-860X645-JPG-2023-07-18T112210.031.jpg\" alt=\"\" class=\"wp-image-8696\" srcset=\"https:\/\/prefeitura.santarosa.rs.gov.br\/wp-content\/uploads\/2023\/11\/Formato-Site-e-Portal-860X645-JPG-2023-07-18T112210.031.jpg 860w, https:\/\/prefeitura.santarosa.rs.gov.br\/wp-content\/uploads\/2023\/11\/Formato-Site-e-Portal-860X645-JPG-2023-07-18T112210.031-300x225.jpg 300w, https:\/\/prefeitura.santarosa.rs.gov.br\/wp-content\/uploads\/2023\/11\/Formato-Site-e-Portal-860X645-JPG-2023-07-18T112210.031-768x576.jpg 768w\" sizes=\"(max-width: 860px) 100vw, 860px\" \/><\/figure>\n\n\n\n<p>Santa Rosa tem avan\u00e7ado nos \u00faltimos anos em muitas \u00e1reas, entre elas, na desburocratiza\u00e7\u00e3o dos processos, se tornando cada vez mais, uma cidade empreendedora. De acordo com dados apresentados no Mapa de Empresas emitido pelo Minist\u00e9rio do Desenvolvimento, Ind\u00fastria, Com\u00e9rcio e Servi\u00e7os, o munic\u00edpio ocupa a 55\u00aa posi\u00e7\u00e3o no ranking do Rio Grande do Sul, para a abertura de empresas, com tempo m\u00e9dio de 6 horas. Resultado superior ao \u00edndice nacional, que \u00e9 de 1 dia e 3 horas. Estes mesmos dados tamb\u00e9m foram compilados pelas equipes da Secretaria de Gest\u00e3o e Secretaria de Desenvolvimento Econ\u00f4mico, que atrav\u00e9s do projeto Prefeitura Digital, implementaram melhorias na agilidade e efetividade dos servi\u00e7os p\u00fablicos.<\/p>\n\n\n\n<p>Os dados avaliados do tempo m\u00e9dio dos processos de An\u00e1lise de Viabilidade Locacional e Registro de Empresas em Santa Rosa, mostram uma grande evolu\u00e7\u00e3o, se considerado os \u00edndices dos anos anteriores. Em 2019, a m\u00e9dia de tempo para realizar as mesmas atividades era de 139 horas (5 dias e 19 horas) e, atualmente, o registro de um novo neg\u00f3cio \u00e9 de apenas 6 horas. A an\u00e1lise leva em conta o total de 1.221 empresas novas registradas no munic\u00edpio, de janeiro a setembro deste ano. O Prefeito Anderson Mantei, destaca que o resultado positivo \u00e9 em fun\u00e7\u00e3o de diversas a\u00e7\u00f5es da Administra\u00e7\u00e3o Municipal para a desburocratiza\u00e7\u00e3o dos processos e servi\u00e7os, \u201cSanta Rosa \u00e9 hoje uma das melhores cidades do Brasil para se fazer neg\u00f3cio e abrir uma nova empresa. N\u00e3o tem dificuldade, n\u00e3o tem burocracia. Por isso, muitas empresas t\u00eam nos procurado com a inten\u00e7\u00e3o de vir para c\u00e1. Temos avan\u00e7ado em todas as \u00e1reas e este ecossistema empreendedor gera mais desenvolvimento para nossa cidade\u201d.<\/p>\n\n\n\n<p>Com este trabalho intenso dos \u00faltimos dois anos, da constru\u00e7\u00e3o de fluxos digitais, o Governo Municipal implementou o processo de An\u00e1lise de Viabilidade Locacional autom\u00e1tico e o fluxo de integra\u00e7\u00e3o IFRAME com a Junta Comercial do estado do RS (JUCIS-RS). Atrav\u00e9s destas melhorias, Santa Rosa foi pioneira e se tornou o primeiro munic\u00edpio do Estado a ter todo o processo de formaliza\u00e7\u00e3o de empresas de forma digital. Para Ademir Rosa, Secret\u00e1rio de Gest\u00e3o, o projeto Prefeitura Digital tem gerado muitos benef\u00edcios, sendo fundamental para a consolida\u00e7\u00e3o das a\u00e7\u00f5es definidas no Planejamento Estrat\u00e9gico, \u201cO objetivo \u00e9 simplificar e facilitar cada vez mais, o acesso aos servi\u00e7os. Temos trabalhado para aprimorar a gest\u00e3o p\u00fablica, tornando ela mais eficiente e \u00e1gil, proporcionando um ambiente favor\u00e1vel ao empreendedor atrav\u00e9s da presta\u00e7\u00e3o de servi\u00e7os ou solu\u00e7\u00f5es que atendam \u00e0s suas necessidades\u201d.<\/p>\n\n\n\n<p>Esta iniciativa da Prefeitura contempla uma s\u00e9rie de a\u00e7\u00f5es que favorecem o ambiente de neg\u00f3cios no munic\u00edpio, por meio de leis e incentivos aos empreendedores. O Secret\u00e1rio de Desenvolvimento Econ\u00f4mico, Odaylson Eder, ressalta que Santa Rosa est\u00e1 sendo protagonista na simplifica\u00e7\u00e3o de processos, \u201cO munic\u00edpio est\u00e1 sendo um fomentador de mudan\u00e7as que fazem a diferen\u00e7a na vida do empreendedor. Precisamos dar condi\u00e7\u00f5es para que as empresas venham se instalar aqui e possibilitar assim, a gera\u00e7\u00e3o de mais postos de trabalho e melhorias na qualidade de vida da popula\u00e7\u00e3o\u201d.<\/p>\n\n\n\n<p>Atualmente, Santa Rosa conta com 9.570 empresas ativas, com crescimento de 40% nos \u00faltimos seis anos.<\/p>\n","protected":false},"excerpt":{"rendered":"<p>Santa Rosa tem avan\u00e7ado nos \u00faltimos anos em muitas \u00e1reas, entre elas, na desburocratiza\u00e7\u00e3o dos processos, se tornando cada vez<\/p>\n","protected":false},"author":6,"featured_media":8696,"comment_status":"closed","ping_status":"closed","sticky":false,"template":"","format":"standard","meta":{"footnotes":""},"categories":[4,16,23],"tags":[],"class_list":["post-8695","post","type-post","status-publish","format-standard","has-post-thumbnail","hentry","category-noticias","category-secretaria-municipal-de-desenvolvimento-economico-turismo-e-tecnologia","category-secretaria-municipal-governanca-gestao"],"aioseo_notices":[],"_links":{"self":[{"href":"https:\/\/prefeitura.santarosa.rs.gov.br\/index.php?rest_route=\/wp\/v2\/posts\/8695","targetHints":{"allow":["GET"]}}],"collection":[{"href":"https:\/\/prefeitura.santarosa.rs.gov.br\/index.php?rest_route=\/wp\/v2\/posts"}],"about":[{"href":"https:\/\/prefeitura.santarosa.rs.gov.br\/index.php?rest_route=\/wp\/v2\/types\/post"}],"author":[{"embeddable":true,"href":"https:\/\/prefeitura.santarosa.rs.gov.br\/index.php?rest_route=\/wp\/v2\/users\/6"}],"replies":[{"embeddable":true,"href":"https:\/\/prefeitura.santarosa.rs.gov.br\/index.php?rest_route=%2Fwp%2Fv2%2Fcomments&post=8695"}],"version-history":[{"count":1,"href":"https:\/\/prefeitura.santarosa.rs.gov.br\/index.php?rest_route=\/wp\/v2\/posts\/8695\/revisions"}],"predecessor-version":[{"id":8697,"href":"https:\/\/prefeitura.santarosa.rs.gov.br\/index.php?rest_route=\/wp\/v2\/posts\/8695\/revisions\/8697"}],"wp:featuredmedia":[{"embeddable":true,"href":"https:\/\/prefeitura.santarosa.rs.gov.br\/index.php?rest_route=\/wp\/v2\/media\/8696"}],"wp:attachment":[{"href":"https:\/\/prefeitura.santarosa.rs.gov.br\/index.php?rest_route=%2Fwp%2Fv2%2Fmedia&parent=8695"}],"wp:term":[{"taxonomy":"category","embeddable":true,"href":"https:\/\/prefeitura.santarosa.rs.gov.br\/index.php?rest_route=%2Fwp%2Fv2%2Fcategories&post=8695"},{"taxonomy":"post_tag","embeddable":true,"href":"https:\/\/prefeitura.santarosa.rs.gov.br\/index.php?rest_route=%2Fwp%2Fv2%2Ftags&post=8695"}],"curies":[{"name":"wp","href":"https:\/\/api.w.org\/{rel}","templated":true}]}}