{"id":8649,"date":"2023-11-09T11:19:11","date_gmt":"2023-11-09T14:19:11","guid":{"rendered":"https:\/\/prefeitura.santarosa.rs.gov.br\/?p=8649"},"modified":"2024-10-07T09:52:48","modified_gmt":"2024-10-07T12:52:48","slug":"fumssar-inicia-oficina-de-atividade-corporal-nos-caps-de-santa-rosa","status":"publish","type":"post","link":"https:\/\/prefeitura.santarosa.rs.gov.br\/?p=8649","title":{"rendered":"<strong>FUMSSAR inicia oficina de atividade corporal nos CAPS de Santa Rosa<\/strong>"},"content":{"rendered":"\n<figure class=\"wp-block-image size-full\"><img fetchpriority=\"high\" decoding=\"async\" width=\"860\" height=\"645\" src=\"https:\/\/prefeitura.santarosa.rs.gov.br\/wp-content\/uploads\/2023\/11\/Formato-Site-e-Portal-860X645-JPG-2023-11-03T142241.508.jpg\" alt=\"\" class=\"wp-image-8650\" srcset=\"https:\/\/prefeitura.santarosa.rs.gov.br\/wp-content\/uploads\/2023\/11\/Formato-Site-e-Portal-860X645-JPG-2023-11-03T142241.508.jpg 860w, https:\/\/prefeitura.santarosa.rs.gov.br\/wp-content\/uploads\/2023\/11\/Formato-Site-e-Portal-860X645-JPG-2023-11-03T142241.508-300x225.jpg 300w, https:\/\/prefeitura.santarosa.rs.gov.br\/wp-content\/uploads\/2023\/11\/Formato-Site-e-Portal-860X645-JPG-2023-11-03T142241.508-768x576.jpg 768w\" sizes=\"(max-width: 860px) 100vw, 860px\" \/><\/figure>\n\n\n\n<p>A FUMSSAR por meio da Rede de Aten\u00e7\u00e3o Psicossocial de Santa Rosa \u2013 RAPS, disponibiliza oficinas terap\u00eauticas para os usu\u00e1rios dos Centros de Aten\u00e7\u00e3o Psicossocial do munic\u00edpio. Na \u00faltima semana, os pacientes atendidos no CAPS II Novo Rumo e no CAPS AD Movimento, nos grupos de terapia, iniciaram uma nova modalidade, a oficina de atividade corporal. O objetivo foi promover uma intera\u00e7\u00e3o entre os participantes envolvendo a dimens\u00e3o do mundo das lutas e proporcionando um espa\u00e7o para a livre express\u00e3o.<\/p>\n\n\n\n<p>Na oportunidade, os participantes receberam instru\u00e7\u00f5es sobre lutas de m\u00e9dia dist\u00e2ncia. A Gerente da RAPS, Fl\u00e1via Albuquerque, destaca que as oficinas terap\u00eauticas s\u00e3o utilizadas como estrat\u00e9gia de cuidado aos usu\u00e1rios, \u201cOs momentos de integra\u00e7\u00e3o e conv\u00edvio no espa\u00e7o do CAPS II e CAPS AD visam proporcionar melhoria do autocuidado, aumento da autoestima e da socializa\u00e7\u00e3o entre os usu\u00e1rios e a equipe. Al\u00e9m disso, s\u00e3o atividades muito importantes que trabalham a autovaloriza\u00e7\u00e3o, reinser\u00e7\u00e3o social e proporcionam melhoria da qualidade de vida\u201d.<\/p>\n\n\n\n<p>A oficina de atividade corporal acontece semanalmente, sob a instru\u00e7\u00e3o do professor Gesiel Carvalho da Cruz, faixa preta em Jiu-jitsu. As aulas s\u00e3o um incentivo para a pr\u00e1tica de atividades f\u00edsicas. Al\u00e9m das oficinas e dos grupos terap\u00eauticos, a FUMSSAR tamb\u00e9m realiza o Programa LIVE Sa\u00fade Digital. O objetivo \u00e9 combater o sedentarismo e auxiliar na promo\u00e7\u00e3o de sa\u00fade da popula\u00e7\u00e3o. Os exerc\u00edcios s\u00e3o transmitidos pela plataforma Youtube, no canal da Prefeitura de Santa Rosa, todas as quintas-feiras, das 19h \u00e0s 20h.<\/p>\n","protected":false},"excerpt":{"rendered":"<p>A FUMSSAR por meio da Rede de Aten\u00e7\u00e3o Psicossocial de Santa Rosa \u2013 RAPS, disponibiliza oficinas terap\u00eauticas para os usu\u00e1rios<\/p>\n","protected":false},"author":6,"featured_media":8651,"comment_status":"closed","ping_status":"closed","sticky":false,"template":"","format":"standard","meta":{"footnotes":""},"categories":[4,8],"tags":[],"class_list":["post-8649","post","type-post","status-publish","format-standard","has-post-thumbnail","hentry","category-noticias","category-noticias-fumssar"],"aioseo_notices":[],"_links":{"self":[{"href":"https:\/\/prefeitura.santarosa.rs.gov.br\/index.php?rest_route=\/wp\/v2\/posts\/8649","targetHints":{"allow":["GET"]}}],"collection":[{"href":"https:\/\/prefeitura.santarosa.rs.gov.br\/index.php?rest_route=\/wp\/v2\/posts"}],"about":[{"href":"https:\/\/prefeitura.santarosa.rs.gov.br\/index.php?rest_route=\/wp\/v2\/types\/post"}],"author":[{"embeddable":true,"href":"https:\/\/prefeitura.santarosa.rs.gov.br\/index.php?rest_route=\/wp\/v2\/users\/6"}],"replies":[{"embeddable":true,"href":"https:\/\/prefeitura.santarosa.rs.gov.br\/index.php?rest_route=%2Fwp%2Fv2%2Fcomments&post=8649"}],"version-history":[{"count":1,"href":"https:\/\/prefeitura.santarosa.rs.gov.br\/index.php?rest_route=\/wp\/v2\/posts\/8649\/revisions"}],"predecessor-version":[{"id":8652,"href":"https:\/\/prefeitura.santarosa.rs.gov.br\/index.php?rest_route=\/wp\/v2\/posts\/8649\/revisions\/8652"}],"wp:featuredmedia":[{"embeddable":true,"href":"https:\/\/prefeitura.santarosa.rs.gov.br\/index.php?rest_route=\/wp\/v2\/media\/8651"}],"wp:attachment":[{"href":"https:\/\/prefeitura.santarosa.rs.gov.br\/index.php?rest_route=%2Fwp%2Fv2%2Fmedia&parent=8649"}],"wp:term":[{"taxonomy":"category","embeddable":true,"href":"https:\/\/prefeitura.santarosa.rs.gov.br\/index.php?rest_route=%2Fwp%2Fv2%2Fcategories&post=8649"},{"taxonomy":"post_tag","embeddable":true,"href":"https:\/\/prefeitura.santarosa.rs.gov.br\/index.php?rest_route=%2Fwp%2Fv2%2Ftags&post=8649"}],"curies":[{"name":"wp","href":"https:\/\/api.w.org\/{rel}","templated":true}]}}