{"id":8645,"date":"2023-11-08T16:26:47","date_gmt":"2023-11-08T19:26:47","guid":{"rendered":"https:\/\/prefeitura.santarosa.rs.gov.br\/?p=8645"},"modified":"2024-10-07T09:52:48","modified_gmt":"2024-10-07T12:52:48","slug":"presidente-da-fumssar-participa-de-reuniao-da-setec-e-do-cosems-em-porto-alegre","status":"publish","type":"post","link":"https:\/\/prefeitura.santarosa.rs.gov.br\/?p=8645","title":{"rendered":"<strong>Presidente da FUMSSAR participa de reuni\u00e3o da SETEC e do COSEMS em Porto Alegre<\/strong>"},"content":{"rendered":"\n<figure class=\"wp-block-image size-full\"><img fetchpriority=\"high\" decoding=\"async\" width=\"860\" height=\"645\" src=\"https:\/\/prefeitura.santarosa.rs.gov.br\/wp-content\/uploads\/2023\/11\/Formato-Site-e-Portal-860X645-JPG-2023-11-08T161326.266.jpg\" alt=\"\" class=\"wp-image-8646\" srcset=\"https:\/\/prefeitura.santarosa.rs.gov.br\/wp-content\/uploads\/2023\/11\/Formato-Site-e-Portal-860X645-JPG-2023-11-08T161326.266.jpg 860w, https:\/\/prefeitura.santarosa.rs.gov.br\/wp-content\/uploads\/2023\/11\/Formato-Site-e-Portal-860X645-JPG-2023-11-08T161326.266-300x225.jpg 300w, https:\/\/prefeitura.santarosa.rs.gov.br\/wp-content\/uploads\/2023\/11\/Formato-Site-e-Portal-860X645-JPG-2023-11-08T161326.266-768x576.jpg 768w\" sizes=\"(max-width: 860px) 100vw, 860px\" \/><\/figure>\n\n\n\n<p>O Presidente da Funda\u00e7\u00e3o Municipal de Sa\u00fade de Santa Rosa, D\u00e9lcio Stefan, participou nesta ter\u00e7a-feira (07), em Porto Alegre, de reuni\u00f5es importantes para debater a sa\u00fade p\u00fablica no Estado. Ele esteve presente em um encontro na Secretaria T\u00e9cnica &#8211; SETEC\/RS, onde foram analisados mais de 20 temas sobre a sa\u00fade do Rio Grande do Sul. Al\u00e9m disso, participou de uma assembleia no Conselho das Secretarias Municipais de Sa\u00fade do RS \u2013 COSEMS\/RS, onde foram avaliadas as a\u00e7\u00f5es realizadas no 33\u00ba Congresso, ocorrido na \u00faltima semana, em Bento Gon\u00e7alves.<\/p>\n\n\n\n<p>Ainda na ter\u00e7a-feira, D\u00e9lcio tamb\u00e9m participou de uma reuni\u00e3o com o Grupo T\u00e9cnico da SES\/RS, para avalia\u00e7\u00e3o e novas defini\u00e7\u00f5es do Programa Assistir no RS. Atrav\u00e9s deste programa, Santa Rosa recebe um recurso mensal de mais de um milh\u00e3o de reais em incentivos e servi\u00e7os de sa\u00fade hospitalar, \u201c\u00c9 sempre importante a participa\u00e7\u00e3o do munic\u00edpio nestes encontros que debatem o futuro da sa\u00fade no Estado. \u00c9 dessa forma, com a boa gest\u00e3o dos recursos p\u00fablicos que constru\u00edmos o excelente sistema de sa\u00fade que temos para popula\u00e7\u00e3o de Santa Rosa e regi\u00e3o\u201d.<\/p>\n\n\n\n<p>Nesta quarta-feira (08), D\u00e9lcio ainda participa de um encontro com a Comiss\u00e3o Intergestores Bipartite \u2013 CIB, para tratar de assuntos de ordem administrativa, operacional e de pactua\u00e7\u00e3o de diversos itens da sa\u00fade p\u00fablica do RS. Na pr\u00f3xima semana, vai estar em Santa Rosa, a Secret\u00e1ria de Sa\u00fade do Estado, Arita Bergmann que confirmou sua presen\u00e7a para o Presidente da FUMSSAR.<\/p>\n","protected":false},"excerpt":{"rendered":"<p>O Presidente da Funda\u00e7\u00e3o Municipal de Sa\u00fade de Santa Rosa, D\u00e9lcio Stefan, participou nesta ter\u00e7a-feira (07), em Porto Alegre, de<\/p>\n","protected":false},"author":6,"featured_media":8647,"comment_status":"closed","ping_status":"closed","sticky":false,"template":"","format":"standard","meta":{"footnotes":""},"categories":[4,8],"tags":[],"class_list":["post-8645","post","type-post","status-publish","format-standard","has-post-thumbnail","hentry","category-noticias","category-noticias-fumssar"],"aioseo_notices":[],"_links":{"self":[{"href":"https:\/\/prefeitura.santarosa.rs.gov.br\/index.php?rest_route=\/wp\/v2\/posts\/8645","targetHints":{"allow":["GET"]}}],"collection":[{"href":"https:\/\/prefeitura.santarosa.rs.gov.br\/index.php?rest_route=\/wp\/v2\/posts"}],"about":[{"href":"https:\/\/prefeitura.santarosa.rs.gov.br\/index.php?rest_route=\/wp\/v2\/types\/post"}],"author":[{"embeddable":true,"href":"https:\/\/prefeitura.santarosa.rs.gov.br\/index.php?rest_route=\/wp\/v2\/users\/6"}],"replies":[{"embeddable":true,"href":"https:\/\/prefeitura.santarosa.rs.gov.br\/index.php?rest_route=%2Fwp%2Fv2%2Fcomments&post=8645"}],"version-history":[{"count":1,"href":"https:\/\/prefeitura.santarosa.rs.gov.br\/index.php?rest_route=\/wp\/v2\/posts\/8645\/revisions"}],"predecessor-version":[{"id":8648,"href":"https:\/\/prefeitura.santarosa.rs.gov.br\/index.php?rest_route=\/wp\/v2\/posts\/8645\/revisions\/8648"}],"wp:featuredmedia":[{"embeddable":true,"href":"https:\/\/prefeitura.santarosa.rs.gov.br\/index.php?rest_route=\/wp\/v2\/media\/8647"}],"wp:attachment":[{"href":"https:\/\/prefeitura.santarosa.rs.gov.br\/index.php?rest_route=%2Fwp%2Fv2%2Fmedia&parent=8645"}],"wp:term":[{"taxonomy":"category","embeddable":true,"href":"https:\/\/prefeitura.santarosa.rs.gov.br\/index.php?rest_route=%2Fwp%2Fv2%2Fcategories&post=8645"},{"taxonomy":"post_tag","embeddable":true,"href":"https:\/\/prefeitura.santarosa.rs.gov.br\/index.php?rest_route=%2Fwp%2Fv2%2Ftags&post=8645"}],"curies":[{"name":"wp","href":"https:\/\/api.w.org\/{rel}","templated":true}]}}