{"id":863,"date":"2021-09-30T08:47:00","date_gmt":"2021-09-30T11:47:00","guid":{"rendered":"https:\/\/prefeitura.santarosa.rs.gov.br\/?p=863"},"modified":"2024-10-07T09:54:43","modified_gmt":"2024-10-07T12:54:43","slug":"mutirao-de-vacinacao-para-segunda-dose-d2","status":"publish","type":"post","link":"https:\/\/prefeitura.santarosa.rs.gov.br\/?p=863","title":{"rendered":"Mutir\u00e3o de Vacina\u00e7\u00e3o para Segunda Dose (D2)"},"content":{"rendered":"\n<p>O objetivo do mutir\u00e3o \u00e9 realizar a segunda dose (D2), nos cidad\u00e3os que fizeram a Dose Um (D1) no mutir\u00e3o do dia 02 de setembro<\/p>\n\n\n\n<p>A Funda\u00e7\u00e3o Municipal de Sa\u00fade de Santa Rosa informa que vai realizar nesta quinta-feira (30), o segundo mutir\u00e3o de vacina\u00e7\u00e3o contra a COVID-19. O objetivo do mutir\u00e3o \u00e9 realizar a segunda dose (D2), nos cidad\u00e3os que fizeram a Dose Um (D1) no mutir\u00e3o do dia 02 de setembro. A vacina\u00e7\u00e3o vai acontecer nas Unidades B\u00e1sicas de Sa\u00fade, do Centro e Cruzeiro, das 17h30 \u00e0s 21h00.<\/p>\n\n\n\n<p>Nos demais dias e hor\u00e1rios, segue a imuniza\u00e7\u00e3o para o p\u00fablico a partir dos 16 anos, atrav\u00e9s do agendamento pr\u00e9vio, por telefone ou presencial, ou conforme o gerenciamento de cada UBS, at\u00e9 terminarem os estoques. Os moradores de Santa Rosa que forem se vacinar precisam levar documento com foto, CPF, cart\u00e3o SUS e caderneta de vacina\u00e7\u00e3o. A FUMSSAR recebeu esta semana 2.719 novas doses para a imuniza\u00e7\u00e3o contra a COVID-19. Os imunizantes, vindos da SES\/RS s\u00e3o para a aplica\u00e7\u00e3o de Primeira Dose (D1), Segunda Dose (D2) e Dose de Refor\u00e7o (DR) na popula\u00e7\u00e3o.<\/p>\n\n\n\n<p>At\u00e9 o momento, j\u00e1 foram realizadas 96.594 vacinas. Do total, 56.031 foram de D1 (Primeira Dose), essa quantidade corresponde a 76% da popula\u00e7\u00e3o vacinada, 37.856 de D2 (Segunda Dose) e 2.260 de D.U (Dose \u00danica), sendo assim temos 40.116 pessoas com a imuniza\u00e7\u00e3o completa, 54% dos santa-rosenses. Al\u00e9m disso, j\u00e1 foram aplicadas tamb\u00e9m, 447 Doses de Refor\u00e7o (DR). As Doses de Refor\u00e7o est\u00e3o sendo realizadas em idosos acima de 70 anos que completaram o esquema vacinal das duas doses ou dose \u00fanica h\u00e1 06 meses e para pessoas com alto grau de imunossupress\u00e3o: Imunodefici\u00eancia prim\u00e1ria grave; Quimioterapia para c\u00e2ncer; Transplantados de \u00f3rg\u00e3o s\u00f3lido ou de c\u00e9lulas tronco hematopoi\u00e9ticas (TCTH) em uso de drogas imunossupressoras e Pessoas vivendo com HIV com CD4, com intervalo de 28 dias ap\u00f3s a \u00faltima dose.<\/p>\n","protected":false},"excerpt":{"rendered":"<p>O objetivo do mutir\u00e3o \u00e9 realizar a segunda dose (D2), nos cidad\u00e3os que fizeram a Dose Um (D1) no mutir\u00e3o<\/p>\n","protected":false},"author":3,"featured_media":864,"comment_status":"open","ping_status":"open","sticky":false,"template":"","format":"standard","meta":{"footnotes":""},"categories":[6,4,8],"tags":[],"class_list":["post-863","post","type-post","status-publish","format-standard","has-post-thumbnail","hentry","category-covid-19","category-noticias","category-noticias-fumssar"],"aioseo_notices":[],"_links":{"self":[{"href":"https:\/\/prefeitura.santarosa.rs.gov.br\/index.php?rest_route=\/wp\/v2\/posts\/863","targetHints":{"allow":["GET"]}}],"collection":[{"href":"https:\/\/prefeitura.santarosa.rs.gov.br\/index.php?rest_route=\/wp\/v2\/posts"}],"about":[{"href":"https:\/\/prefeitura.santarosa.rs.gov.br\/index.php?rest_route=\/wp\/v2\/types\/post"}],"author":[{"embeddable":true,"href":"https:\/\/prefeitura.santarosa.rs.gov.br\/index.php?rest_route=\/wp\/v2\/users\/3"}],"replies":[{"embeddable":true,"href":"https:\/\/prefeitura.santarosa.rs.gov.br\/index.php?rest_route=%2Fwp%2Fv2%2Fcomments&post=863"}],"version-history":[{"count":1,"href":"https:\/\/prefeitura.santarosa.rs.gov.br\/index.php?rest_route=\/wp\/v2\/posts\/863\/revisions"}],"predecessor-version":[{"id":865,"href":"https:\/\/prefeitura.santarosa.rs.gov.br\/index.php?rest_route=\/wp\/v2\/posts\/863\/revisions\/865"}],"wp:featuredmedia":[{"embeddable":true,"href":"https:\/\/prefeitura.santarosa.rs.gov.br\/index.php?rest_route=\/wp\/v2\/media\/864"}],"wp:attachment":[{"href":"https:\/\/prefeitura.santarosa.rs.gov.br\/index.php?rest_route=%2Fwp%2Fv2%2Fmedia&parent=863"}],"wp:term":[{"taxonomy":"category","embeddable":true,"href":"https:\/\/prefeitura.santarosa.rs.gov.br\/index.php?rest_route=%2Fwp%2Fv2%2Fcategories&post=863"},{"taxonomy":"post_tag","embeddable":true,"href":"https:\/\/prefeitura.santarosa.rs.gov.br\/index.php?rest_route=%2Fwp%2Fv2%2Ftags&post=863"}],"curies":[{"name":"wp","href":"https:\/\/api.w.org\/{rel}","templated":true}]}}