{"id":8563,"date":"2023-10-26T10:19:19","date_gmt":"2023-10-26T13:19:19","guid":{"rendered":"https:\/\/prefeitura.santarosa.rs.gov.br\/?p=8563"},"modified":"2024-10-07T09:52:49","modified_gmt":"2024-10-07T12:52:49","slug":"prefeitura-realiza-sorteio-publico-de-60-moradias-do-programa-a-casa-e-sua","status":"publish","type":"post","link":"https:\/\/prefeitura.santarosa.rs.gov.br\/?p=8563","title":{"rendered":"<strong>Prefeitura realiza sorteio p\u00fablico de 60 moradias do Programa \u201cA Casa \u00e9 Sua\u201d<\/strong>"},"content":{"rendered":"\n<figure class=\"wp-block-image size-full\"><img fetchpriority=\"high\" decoding=\"async\" width=\"860\" height=\"645\" src=\"https:\/\/prefeitura.santarosa.rs.gov.br\/wp-content\/uploads\/2023\/10\/Formato-Site-e-Portal-860X645-JPG-2023-10-26T101555.904.jpg\" alt=\"\" class=\"wp-image-8564\" srcset=\"https:\/\/prefeitura.santarosa.rs.gov.br\/wp-content\/uploads\/2023\/10\/Formato-Site-e-Portal-860X645-JPG-2023-10-26T101555.904.jpg 860w, https:\/\/prefeitura.santarosa.rs.gov.br\/wp-content\/uploads\/2023\/10\/Formato-Site-e-Portal-860X645-JPG-2023-10-26T101555.904-300x225.jpg 300w, https:\/\/prefeitura.santarosa.rs.gov.br\/wp-content\/uploads\/2023\/10\/Formato-Site-e-Portal-860X645-JPG-2023-10-26T101555.904-768x576.jpg 768w\" sizes=\"(max-width: 860px) 100vw, 860px\" \/><\/figure>\n\n\n\n<p>A quarta-feira (25), ficou marcada na vida de 60 fam\u00edlias santa-rosenses que realizaram o sonho da primeira casa pr\u00f3pria. A Prefeitura de Santa Rosa atrav\u00e9s da Secretaria de Planejamento e Habita\u00e7\u00e3o realizou na tarde de hoje, o sorteio p\u00fablico de 60 moradias sociais que fazem parte do Programa Habitacional \u201cA Casa \u00e9 Sua\u201d do Estado. A a\u00e7\u00e3o aconteceu no Centro C\u00edvico Cultural e foi transmitida ao vivo pelo Facebook da Prefeitura. Mais de 1.500 pessoas concorreram \u00e0s unidades habitacionais.<\/p>\n\n\n\n<p>Para tornar este sonho poss\u00edvel, um grande investimento do munic\u00edpio est\u00e1 sendo realizado. Ao todo, 60 fam\u00edlias foram beneficiadas com casas em um valor superior a R$ 122 mil cada, sendo R$ 80 mil do Governo do Estado e R$ 42.277,81 de contrapartida da Prefeitura. Al\u00e9m do recurso pr\u00f3prio do munic\u00edpio, o Governo Municipal tamb\u00e9m ficou respons\u00e1vel por disponibilizar o terreno e a infraestrutura para os im\u00f3veis. Os im\u00f3veis ser\u00e3o instalados em locais com infraestrutura b\u00e1sica, como rede de \u00e1gua, energia el\u00e9trica e esgoto sanit\u00e1rio, sendo 45 casas na Cruzeiro do Sul e 15 na Auxiliadora. O Prefeito Anderson Mantei destacou que a Administra\u00e7\u00e3o P\u00fablica tem aplicado os recursos em a\u00e7\u00f5es que promovem a qualidade de vida da popula\u00e7\u00e3o, \u201cEstamos realizando importantes investimentos na \u00e1rea da habita\u00e7\u00e3o. Este \u00e9 mais um programa habitacional que vai proporcionar o sonho da primeira casa pr\u00f3pria para 60 fam\u00edlias de Santa Rosa. Estamos investindo al\u00e9m dos R$ 2,5 milh\u00f5es de contrapartida, um montante que equivale a mais de R$ 5,5 milh\u00f5es, se somados os valores dos terrenos e de toda a infraestrutura que ser\u00e1 disponibilizada pela prefeitura\u201d.<\/p>\n\n\n\n<p>Para o sorteio das casas foram seguidas normas previstas no edital. Os inscritos foram separados em cinco grupos distintos, sendo: Grupo 1 &#8211; Pessoas portadoras de defici\u00eancia (10% do total de unidades) \u2013 06 moradias. Grupo 2 &#8211; Fam\u00edlias acima de 3 filhos menores sob sua responsabilidade e\/ou deficientes f\u00edsicos e mentais (15% do total de unidades) \u201309 moradias. Grupo 3 &#8211; Fam\u00edlias chefiadas por mulheres (20% do total de unidades) \u2013 12 moradias. Grupo 4 &#8211; Idosos (3% do total de unidades) \u2013 2 moradias e Grupo 5 &#8211; Demais inscritos: geral (52% do total de unidades) &#8211; 31moradias.&nbsp; Os sorteados dever\u00e3o procurar a prefeitura a partir desta quinta-feira (26), at\u00e9 o dia 6 de novembro, para encaminhar a documenta\u00e7\u00e3o exigida pelo programa. Al\u00e9m dos contemplados, outros 60 inscritos foram sorteados como suplentes. Do Programa Santa Rosa Verde e Amarela 188 fam\u00edlias foram contempladas at\u00e9 o momento com casa pr\u00f3pria.<\/p>\n\n\n\n<p>Confira em anexo, a lista completa com o nome dos sorteados.<\/p>\n\n\n\n<div data-wp-interactive=\"core\/file\" class=\"wp-block-file\"><object data-wp-bind--hidden=\"!state.hasPdfPreview\" hidden class=\"wp-block-file__embed\" data=\"https:\/\/prefeitura.santarosa.rs.gov.br\/wp-content\/uploads\/2023\/10\/LISTA-OFICIAL-1.pdf\" type=\"application\/pdf\" style=\"width:100%;height:600px\" aria-label=\"Incorporado de Incorporado de LISTA-OFICIAL-1..\"><\/object><a href=\"https:\/\/prefeitura.santarosa.rs.gov.br\/wp-content\/uploads\/2023\/10\/LISTA-OFICIAL-1.pdf\">LISTA-OFICIAL-1<\/a><a href=\"https:\/\/prefeitura.santarosa.rs.gov.br\/wp-content\/uploads\/2023\/10\/LISTA-OFICIAL-1.pdf\" class=\"wp-block-file__button\" download>Baixar<\/a><\/div>\n","protected":false},"excerpt":{"rendered":"<p>A quarta-feira (25), ficou marcada na vida de 60 fam\u00edlias santa-rosenses que realizaram o sonho da primeira casa pr\u00f3pria. A<\/p>\n","protected":false},"author":6,"featured_media":8566,"comment_status":"closed","ping_status":"closed","sticky":false,"template":"","format":"standard","meta":{"footnotes":""},"categories":[4,22],"tags":[],"class_list":["post-8563","post","type-post","status-publish","format-standard","has-post-thumbnail","hentry","category-noticias","category-secretaria-municipal-de-planejamento-e-habitacao"],"aioseo_notices":[],"_links":{"self":[{"href":"https:\/\/prefeitura.santarosa.rs.gov.br\/index.php?rest_route=\/wp\/v2\/posts\/8563","targetHints":{"allow":["GET"]}}],"collection":[{"href":"https:\/\/prefeitura.santarosa.rs.gov.br\/index.php?rest_route=\/wp\/v2\/posts"}],"about":[{"href":"https:\/\/prefeitura.santarosa.rs.gov.br\/index.php?rest_route=\/wp\/v2\/types\/post"}],"author":[{"embeddable":true,"href":"https:\/\/prefeitura.santarosa.rs.gov.br\/index.php?rest_route=\/wp\/v2\/users\/6"}],"replies":[{"embeddable":true,"href":"https:\/\/prefeitura.santarosa.rs.gov.br\/index.php?rest_route=%2Fwp%2Fv2%2Fcomments&post=8563"}],"version-history":[{"count":1,"href":"https:\/\/prefeitura.santarosa.rs.gov.br\/index.php?rest_route=\/wp\/v2\/posts\/8563\/revisions"}],"predecessor-version":[{"id":8567,"href":"https:\/\/prefeitura.santarosa.rs.gov.br\/index.php?rest_route=\/wp\/v2\/posts\/8563\/revisions\/8567"}],"wp:featuredmedia":[{"embeddable":true,"href":"https:\/\/prefeitura.santarosa.rs.gov.br\/index.php?rest_route=\/wp\/v2\/media\/8566"}],"wp:attachment":[{"href":"https:\/\/prefeitura.santarosa.rs.gov.br\/index.php?rest_route=%2Fwp%2Fv2%2Fmedia&parent=8563"}],"wp:term":[{"taxonomy":"category","embeddable":true,"href":"https:\/\/prefeitura.santarosa.rs.gov.br\/index.php?rest_route=%2Fwp%2Fv2%2Fcategories&post=8563"},{"taxonomy":"post_tag","embeddable":true,"href":"https:\/\/prefeitura.santarosa.rs.gov.br\/index.php?rest_route=%2Fwp%2Fv2%2Ftags&post=8563"}],"curies":[{"name":"wp","href":"https:\/\/api.w.org\/{rel}","templated":true}]}}