{"id":8559,"date":"2023-10-25T16:12:36","date_gmt":"2023-10-25T19:12:36","guid":{"rendered":"https:\/\/prefeitura.santarosa.rs.gov.br\/?p=8559"},"modified":"2024-10-07T09:52:49","modified_gmt":"2024-10-07T12:52:49","slug":"workshop-para-a-construcao-do-plano-municipal-de-turismo-vai-acontecer-na-sexta-feira","status":"publish","type":"post","link":"https:\/\/prefeitura.santarosa.rs.gov.br\/?p=8559","title":{"rendered":"<strong>Workshop para a constru\u00e7\u00e3o do Plano Municipal de Turismo vai acontecer na sexta-feira<\/strong>"},"content":{"rendered":"\n<figure class=\"wp-block-image size-full\"><img fetchpriority=\"high\" decoding=\"async\" width=\"860\" height=\"645\" src=\"https:\/\/prefeitura.santarosa.rs.gov.br\/wp-content\/uploads\/2023\/10\/Formato-Site-e-Portal-860X645-JPG-2023-10-18T105647.062-1.jpg\" alt=\"\" class=\"wp-image-8560\" srcset=\"https:\/\/prefeitura.santarosa.rs.gov.br\/wp-content\/uploads\/2023\/10\/Formato-Site-e-Portal-860X645-JPG-2023-10-18T105647.062-1.jpg 860w, https:\/\/prefeitura.santarosa.rs.gov.br\/wp-content\/uploads\/2023\/10\/Formato-Site-e-Portal-860X645-JPG-2023-10-18T105647.062-1-300x225.jpg 300w, https:\/\/prefeitura.santarosa.rs.gov.br\/wp-content\/uploads\/2023\/10\/Formato-Site-e-Portal-860X645-JPG-2023-10-18T105647.062-1-768x576.jpg 768w\" sizes=\"(max-width: 860px) 100vw, 860px\" \/><\/figure>\n\n\n\n<p>A Prefeitura de Santa Rosa por meio da Secretaria de Desenvolvimento Econ\u00f4mico, Turismo e Tecnologia e em parceria com o Sebrae RS, vai realizar na pr\u00f3xima sexta-feira (27), um Workshop para a Constru\u00e7\u00e3o do Plano Municipal de Turismo. A a\u00e7\u00e3o vai acontecer das 08h \u00e0s 18h, no Imigrantes Hotel. O objetivo \u00e9 elaborar um plano de a\u00e7\u00e3o e definir o posicionamento do munic\u00edpio como destino tur\u00edstico. Toda a comunidade est\u00e1 convidada a participar.<\/p>\n\n\n\n<p>No \u00faltimo m\u00eas, foi apresentado os dados do Radar Tur\u00edstico realizado pela prefeitura. Um diagn\u00f3stico sobre o atual cen\u00e1rio de Santa Rosa e as potencialidades a serem exploradas para promover a\u00e7\u00f5es que fortale\u00e7am este setor como um dos eixos da economia. As informa\u00e7\u00f5es obtidas pelo Radar, v\u00e3o servir de base para a conclus\u00e3o do diagn\u00f3stico final e execu\u00e7\u00e3o do Plano Municipal de Turismo. O evento vai contar com a participa\u00e7\u00e3o da Turism\u00f3loga e Consultora em Turismo do Sebrae RS, Ivane F\u00e1vero, que vai palestrar sobre o processo de constru\u00e7\u00e3o do plano municipal.&nbsp;<\/p>\n\n\n\n<p>Com este trabalho, vai ser poss\u00edvel definir o futuro do turismo de Santa Rosa para os pr\u00f3ximos quatro anos. Ser\u00e3o avaliadas as for\u00e7as, fraquezas, amea\u00e7as e oportunidades para avan\u00e7ar de forma estruturada. A atividade vai contar tamb\u00e9m com a participa\u00e7\u00e3o efetiva dos membros do Conselho Municipal de Turismo de Santa Rosa \u2013 Comtur e das pessoas que atuam diretamente com o setor, incluindo hot\u00e9is, pousadas, agroind\u00fastrias, restaurantes, ag\u00eancias, transportadoras, entre outros. A constru\u00e7\u00e3o \u00e9 coletiva e por isso, \u00e9 fundamental a participa\u00e7\u00e3o da comunidade.<\/p>\n","protected":false},"excerpt":{"rendered":"<p>A Prefeitura de Santa Rosa por meio da Secretaria de Desenvolvimento Econ\u00f4mico, Turismo e Tecnologia e em parceria com o<\/p>\n","protected":false},"author":6,"featured_media":8561,"comment_status":"closed","ping_status":"closed","sticky":false,"template":"","format":"standard","meta":{"footnotes":""},"categories":[4,16],"tags":[],"class_list":["post-8559","post","type-post","status-publish","format-standard","has-post-thumbnail","hentry","category-noticias","category-secretaria-municipal-de-desenvolvimento-economico-turismo-e-tecnologia"],"aioseo_notices":[],"_links":{"self":[{"href":"https:\/\/prefeitura.santarosa.rs.gov.br\/index.php?rest_route=\/wp\/v2\/posts\/8559","targetHints":{"allow":["GET"]}}],"collection":[{"href":"https:\/\/prefeitura.santarosa.rs.gov.br\/index.php?rest_route=\/wp\/v2\/posts"}],"about":[{"href":"https:\/\/prefeitura.santarosa.rs.gov.br\/index.php?rest_route=\/wp\/v2\/types\/post"}],"author":[{"embeddable":true,"href":"https:\/\/prefeitura.santarosa.rs.gov.br\/index.php?rest_route=\/wp\/v2\/users\/6"}],"replies":[{"embeddable":true,"href":"https:\/\/prefeitura.santarosa.rs.gov.br\/index.php?rest_route=%2Fwp%2Fv2%2Fcomments&post=8559"}],"version-history":[{"count":1,"href":"https:\/\/prefeitura.santarosa.rs.gov.br\/index.php?rest_route=\/wp\/v2\/posts\/8559\/revisions"}],"predecessor-version":[{"id":8562,"href":"https:\/\/prefeitura.santarosa.rs.gov.br\/index.php?rest_route=\/wp\/v2\/posts\/8559\/revisions\/8562"}],"wp:featuredmedia":[{"embeddable":true,"href":"https:\/\/prefeitura.santarosa.rs.gov.br\/index.php?rest_route=\/wp\/v2\/media\/8561"}],"wp:attachment":[{"href":"https:\/\/prefeitura.santarosa.rs.gov.br\/index.php?rest_route=%2Fwp%2Fv2%2Fmedia&parent=8559"}],"wp:term":[{"taxonomy":"category","embeddable":true,"href":"https:\/\/prefeitura.santarosa.rs.gov.br\/index.php?rest_route=%2Fwp%2Fv2%2Fcategories&post=8559"},{"taxonomy":"post_tag","embeddable":true,"href":"https:\/\/prefeitura.santarosa.rs.gov.br\/index.php?rest_route=%2Fwp%2Fv2%2Ftags&post=8559"}],"curies":[{"name":"wp","href":"https:\/\/api.w.org\/{rel}","templated":true}]}}