{"id":8548,"date":"2023-10-24T17:07:35","date_gmt":"2023-10-24T20:07:35","guid":{"rendered":"https:\/\/prefeitura.santarosa.rs.gov.br\/?p=8548"},"modified":"2024-10-07T09:52:49","modified_gmt":"2024-10-07T12:52:49","slug":"profissionais-da-fumssar-participam-de-treinamento-de-cinoterapia","status":"publish","type":"post","link":"https:\/\/prefeitura.santarosa.rs.gov.br\/?p=8548","title":{"rendered":"<strong>Profissionais da FUMSSAR participam de treinamento de Cinoterapia<\/strong>"},"content":{"rendered":"\n<figure class=\"wp-block-image size-full\"><img fetchpriority=\"high\" decoding=\"async\" width=\"860\" height=\"645\" src=\"https:\/\/prefeitura.santarosa.rs.gov.br\/wp-content\/uploads\/2023\/10\/Formato-Site-e-Portal-860X645-JPG-2023-10-24T085316.925.jpg\" alt=\"\" class=\"wp-image-8549\" srcset=\"https:\/\/prefeitura.santarosa.rs.gov.br\/wp-content\/uploads\/2023\/10\/Formato-Site-e-Portal-860X645-JPG-2023-10-24T085316.925.jpg 860w, https:\/\/prefeitura.santarosa.rs.gov.br\/wp-content\/uploads\/2023\/10\/Formato-Site-e-Portal-860X645-JPG-2023-10-24T085316.925-300x225.jpg 300w, https:\/\/prefeitura.santarosa.rs.gov.br\/wp-content\/uploads\/2023\/10\/Formato-Site-e-Portal-860X645-JPG-2023-10-24T085316.925-768x576.jpg 768w\" sizes=\"(max-width: 860px) 100vw, 860px\" \/><\/figure>\n\n\n\n<p>A FUMSSAR atrav\u00e9s da equipe do Centro Macrorregional de Refer\u00eancia em Transtorno do Espectro do Autismo \u2013 CMR TEAcolhe Santa Rosa, realizou uma capacita\u00e7\u00e3o em Cinoterapia. A atividade foi destinada aos profissionais que atuam nos servi\u00e7os de sa\u00fade mental e reabilita\u00e7\u00e3o intelectual, no munic\u00edpio. Participaram da forma\u00e7\u00e3o, as equipes do CER II, Apae, Cerest, Afapene, CAPS AD, CAPS Novo Rumo de Santa Rosa e do Centro Regional de Refer\u00eancia em Autismo &#8211; CRR de Santo \u00c2ngelo. Na oportunidade, foram apresentados os conceitos da Cinoterapia, benef\u00edcios e formas de atua\u00e7\u00e3o.<\/p>\n\n\n\n<p>A capacita\u00e7\u00e3o foi coordenada pela equipe da Apae e do CMR TEAcolhe Gramado, que junto com a Aspen (uma border collie treinada para terapia assistida por c\u00e3es), demonstraram aos profissionais da FUMSSAR, m\u00e9todos terap\u00eauticos utilizados com os usu\u00e1rios. A Coordenadora do CMR TEAcolhe Santa Rosa e Gerente da Rede de Aten\u00e7\u00e3o Psicossocial &#8211; RAPS, a psic\u00f3loga, Fl\u00e1via Albuquerque, destacou que o objetivo da forma\u00e7\u00e3o \u00e9 a implementa\u00e7\u00e3o e aprimoramento da cinoterapia nos servi\u00e7os de sa\u00fade mental e reabilita\u00e7\u00e3o intelectual do munic\u00edpio, \u201cO profissional de sa\u00fade ao utilizar o animal como recurso terap\u00eautico, possui como um dos principais benef\u00edcios, o estabelecimento mais r\u00e1pido e eficaz do v\u00ednculo com o paciente, principalmente para aqueles que por algum motivo possuem dificuldades de comunica\u00e7\u00e3o e express\u00e3o, como crian\u00e7as autistas, esquizofr\u00eanicos e pessoas com fobias\u201d.<\/p>\n\n\n\n<p>A terapia assistida por c\u00e3es ou cinoterapia, \u00e9 um m\u00e9todo terap\u00eautico que se utiliza do contato com cachorros para complementar e\/ou facilitar o tratamento de pacientes. Neste caso, os c\u00e3es atuam como co-terapeutas no tratamento f\u00edsico, ps\u00edquico e emocional de pessoas com necessidades especiais. Atrav\u00e9s dessa terapia surgem aspectos que beneficiam em grande escala a melhoria da qualidade de vida dos pacientes, pois esta t\u00e9cnica aumenta o est\u00edmulo social, melhora o est\u00edmulo t\u00e1ctil e promove o bem-estar f\u00edsico.<\/p>\n","protected":false},"excerpt":{"rendered":"<p>A FUMSSAR atrav\u00e9s da equipe do Centro Macrorregional de Refer\u00eancia em Transtorno do Espectro do Autismo \u2013 CMR TEAcolhe Santa<\/p>\n","protected":false},"author":6,"featured_media":8550,"comment_status":"closed","ping_status":"closed","sticky":false,"template":"","format":"standard","meta":{"footnotes":""},"categories":[4,8],"tags":[],"class_list":["post-8548","post","type-post","status-publish","format-standard","has-post-thumbnail","hentry","category-noticias","category-noticias-fumssar"],"aioseo_notices":[],"_links":{"self":[{"href":"https:\/\/prefeitura.santarosa.rs.gov.br\/index.php?rest_route=\/wp\/v2\/posts\/8548","targetHints":{"allow":["GET"]}}],"collection":[{"href":"https:\/\/prefeitura.santarosa.rs.gov.br\/index.php?rest_route=\/wp\/v2\/posts"}],"about":[{"href":"https:\/\/prefeitura.santarosa.rs.gov.br\/index.php?rest_route=\/wp\/v2\/types\/post"}],"author":[{"embeddable":true,"href":"https:\/\/prefeitura.santarosa.rs.gov.br\/index.php?rest_route=\/wp\/v2\/users\/6"}],"replies":[{"embeddable":true,"href":"https:\/\/prefeitura.santarosa.rs.gov.br\/index.php?rest_route=%2Fwp%2Fv2%2Fcomments&post=8548"}],"version-history":[{"count":1,"href":"https:\/\/prefeitura.santarosa.rs.gov.br\/index.php?rest_route=\/wp\/v2\/posts\/8548\/revisions"}],"predecessor-version":[{"id":8551,"href":"https:\/\/prefeitura.santarosa.rs.gov.br\/index.php?rest_route=\/wp\/v2\/posts\/8548\/revisions\/8551"}],"wp:featuredmedia":[{"embeddable":true,"href":"https:\/\/prefeitura.santarosa.rs.gov.br\/index.php?rest_route=\/wp\/v2\/media\/8550"}],"wp:attachment":[{"href":"https:\/\/prefeitura.santarosa.rs.gov.br\/index.php?rest_route=%2Fwp%2Fv2%2Fmedia&parent=8548"}],"wp:term":[{"taxonomy":"category","embeddable":true,"href":"https:\/\/prefeitura.santarosa.rs.gov.br\/index.php?rest_route=%2Fwp%2Fv2%2Fcategories&post=8548"},{"taxonomy":"post_tag","embeddable":true,"href":"https:\/\/prefeitura.santarosa.rs.gov.br\/index.php?rest_route=%2Fwp%2Fv2%2Ftags&post=8548"}],"curies":[{"name":"wp","href":"https:\/\/api.w.org\/{rel}","templated":true}]}}