{"id":8532,"date":"2023-10-23T14:37:56","date_gmt":"2023-10-23T17:37:56","guid":{"rendered":"https:\/\/prefeitura.santarosa.rs.gov.br\/?p=8532"},"modified":"2024-10-07T09:52:49","modified_gmt":"2024-10-07T12:52:49","slug":"mais-de-1-200-doses-foram-aplicadas-no-sabado-pela-fumssar","status":"publish","type":"post","link":"https:\/\/prefeitura.santarosa.rs.gov.br\/?p=8532","title":{"rendered":"<strong>Mais de 1.200 doses foram aplicadas no s\u00e1bado pela FUMSSAR<\/strong>"},"content":{"rendered":"\n<figure class=\"wp-block-image size-full\"><img fetchpriority=\"high\" decoding=\"async\" width=\"860\" height=\"645\" src=\"https:\/\/prefeitura.santarosa.rs.gov.br\/wp-content\/uploads\/2023\/10\/Formato-Site-e-Portal-860X645-JPG-2023-10-23T143450.023.jpg\" alt=\"\" class=\"wp-image-8533\" srcset=\"https:\/\/prefeitura.santarosa.rs.gov.br\/wp-content\/uploads\/2023\/10\/Formato-Site-e-Portal-860X645-JPG-2023-10-23T143450.023.jpg 860w, https:\/\/prefeitura.santarosa.rs.gov.br\/wp-content\/uploads\/2023\/10\/Formato-Site-e-Portal-860X645-JPG-2023-10-23T143450.023-300x225.jpg 300w, https:\/\/prefeitura.santarosa.rs.gov.br\/wp-content\/uploads\/2023\/10\/Formato-Site-e-Portal-860X645-JPG-2023-10-23T143450.023-768x576.jpg 768w\" sizes=\"(max-width: 860px) 100vw, 860px\" \/><\/figure>\n\n\n\n<p>A Funda\u00e7\u00e3o Municipal de Sa\u00fade de Santa Rosa realizou no \u00faltimo s\u00e1bado (21), o dia D da Campanha Nacional de Multivacina\u00e7\u00e3o. Ao todo, foram aplicadas 1.230 doses, das 08h \u00e0s 17h, em todas as Unidades B\u00e1sicas de Sa\u00fade. A imuniza\u00e7\u00e3o foi disponibilizada para crian\u00e7as e adolescentes de at\u00e9 15 anos incompletos. O objetivo da a\u00e7\u00e3o foi realizar as doses em atraso do calend\u00e1rio vacinal e atualizar a Caderneta de Vacina\u00e7\u00e3o.<\/p>\n\n\n\n<p>Al\u00e9m das doses aplicadas, as equipes das UBSs revisaram as cadernetas de vacina\u00e7\u00e3o e orientaram os pais sobre a import\u00e2ncia de manter as vacinas em dia, conforme o calend\u00e1rio nacional de imuniza\u00e7\u00e3o. As crian\u00e7as e adolescentes que n\u00e3o compareceram neste s\u00e1bado e necessitam realizar alguma dose em atraso, tem at\u00e9 o dia 27\/10 para fazer a aplica\u00e7\u00e3o. O Presidente da FUMSSAR, D\u00e9lcio Stefan, destacou a a\u00e7\u00e3o, \u201cPrecisamos manter nossos filhos livres das doen\u00e7as que podem ser prevenidas com vacina. \u00c9 importante que os pais fiquem atentos \u00e0 caderneta de vacina\u00e7\u00e3o e realizem as doses em atraso. Ainda temos muitas crian\u00e7as e adolescentes que est\u00e3o com a caderneta incompleta e esta \u00e9 uma oportunidade de deixar em dia as vacinas e proteger quem a gente ama\u201d.<\/p>\n\n\n\n<p>V\u00e3o estar dispon\u00edveis em todas as unidades, at\u00e9 o t\u00e9rmino da campanha, 18 vacinas que fazem parte do Programa Nacional de Imuniza\u00e7\u00f5es \u2013 PNI. S\u00e3o elas: Pentavalente, Poliomielite Oral e Inativada, Pneumoc\u00f3cica 10 valente, Meningoc\u00f3cica C, Febre Amarela, Rotav\u00edrus, Hepatite B, Tr\u00edplice Bacteriana, Tr\u00edplice Viral, Hepatite A, Varicela e HPV Quadrivalente. Para adolescentes, estar\u00e3o dispon\u00edveis as vacinas HPV, dT (Dupla Adulto), Febre Amarela, Tr\u00edplice Viral, Hepatite B, Meningoc\u00f3cica ACWY (conjugada) e dTpa (para adolescentes gestantes). As crian\u00e7as e adolescentes que forem se vacinar, precisam ir acompanhadas dos pais ou respons\u00e1veis e levar junto certid\u00e3o de nascimento ou CPF, cart\u00e3o SUS e a caderneta de vacina\u00e7\u00e3o.<\/p>\n","protected":false},"excerpt":{"rendered":"<p>A Funda\u00e7\u00e3o Municipal de Sa\u00fade de Santa Rosa realizou no \u00faltimo s\u00e1bado (21), o dia D da Campanha Nacional de<\/p>\n","protected":false},"author":6,"featured_media":8534,"comment_status":"closed","ping_status":"closed","sticky":false,"template":"","format":"standard","meta":{"footnotes":""},"categories":[4,8],"tags":[],"class_list":["post-8532","post","type-post","status-publish","format-standard","has-post-thumbnail","hentry","category-noticias","category-noticias-fumssar"],"aioseo_notices":[],"_links":{"self":[{"href":"https:\/\/prefeitura.santarosa.rs.gov.br\/index.php?rest_route=\/wp\/v2\/posts\/8532","targetHints":{"allow":["GET"]}}],"collection":[{"href":"https:\/\/prefeitura.santarosa.rs.gov.br\/index.php?rest_route=\/wp\/v2\/posts"}],"about":[{"href":"https:\/\/prefeitura.santarosa.rs.gov.br\/index.php?rest_route=\/wp\/v2\/types\/post"}],"author":[{"embeddable":true,"href":"https:\/\/prefeitura.santarosa.rs.gov.br\/index.php?rest_route=\/wp\/v2\/users\/6"}],"replies":[{"embeddable":true,"href":"https:\/\/prefeitura.santarosa.rs.gov.br\/index.php?rest_route=%2Fwp%2Fv2%2Fcomments&post=8532"}],"version-history":[{"count":1,"href":"https:\/\/prefeitura.santarosa.rs.gov.br\/index.php?rest_route=\/wp\/v2\/posts\/8532\/revisions"}],"predecessor-version":[{"id":8535,"href":"https:\/\/prefeitura.santarosa.rs.gov.br\/index.php?rest_route=\/wp\/v2\/posts\/8532\/revisions\/8535"}],"wp:featuredmedia":[{"embeddable":true,"href":"https:\/\/prefeitura.santarosa.rs.gov.br\/index.php?rest_route=\/wp\/v2\/media\/8534"}],"wp:attachment":[{"href":"https:\/\/prefeitura.santarosa.rs.gov.br\/index.php?rest_route=%2Fwp%2Fv2%2Fmedia&parent=8532"}],"wp:term":[{"taxonomy":"category","embeddable":true,"href":"https:\/\/prefeitura.santarosa.rs.gov.br\/index.php?rest_route=%2Fwp%2Fv2%2Fcategories&post=8532"},{"taxonomy":"post_tag","embeddable":true,"href":"https:\/\/prefeitura.santarosa.rs.gov.br\/index.php?rest_route=%2Fwp%2Fv2%2Ftags&post=8532"}],"curies":[{"name":"wp","href":"https:\/\/api.w.org\/{rel}","templated":true}]}}