{"id":8528,"date":"2023-10-20T16:52:16","date_gmt":"2023-10-20T19:52:16","guid":{"rendered":"https:\/\/prefeitura.santarosa.rs.gov.br\/?p=8528"},"modified":"2024-10-07T09:52:49","modified_gmt":"2024-10-07T12:52:49","slug":"inaugurado-o-novo-predio-da-apromes","status":"publish","type":"post","link":"https:\/\/prefeitura.santarosa.rs.gov.br\/?p=8528","title":{"rendered":"<strong>Inaugurado o novo pr\u00e9dio da APROMES<\/strong>"},"content":{"rendered":"\n<figure class=\"wp-block-image size-full\"><img fetchpriority=\"high\" decoding=\"async\" width=\"860\" height=\"645\" src=\"https:\/\/prefeitura.santarosa.rs.gov.br\/wp-content\/uploads\/2023\/10\/Formato-Site-e-Portal-860X645-JPG-2023-10-20T154213.361.jpg\" alt=\"\" class=\"wp-image-8529\" srcset=\"https:\/\/prefeitura.santarosa.rs.gov.br\/wp-content\/uploads\/2023\/10\/Formato-Site-e-Portal-860X645-JPG-2023-10-20T154213.361.jpg 860w, https:\/\/prefeitura.santarosa.rs.gov.br\/wp-content\/uploads\/2023\/10\/Formato-Site-e-Portal-860X645-JPG-2023-10-20T154213.361-300x225.jpg 300w, https:\/\/prefeitura.santarosa.rs.gov.br\/wp-content\/uploads\/2023\/10\/Formato-Site-e-Portal-860X645-JPG-2023-10-20T154213.361-768x576.jpg 768w\" sizes=\"(max-width: 860px) 100vw, 860px\" \/><\/figure>\n\n\n\n<p>O novo pr\u00e9dio para a Associa\u00e7\u00e3o de Prote\u00e7\u00e3o aos Meninos e Meninas de Santa Rosa \u2013 APROMES, foi inaugurado nesta sexta-feira (20), em uma solenidade de inaugura\u00e7\u00e3o. O Governo Municipal em parceria com outras institui\u00e7\u00f5es, realizou a obra de constru\u00e7\u00e3o da nova sede, uma casa de 558,05 metros quadrados distribu\u00eddos em dois pavimentos. Mais de R$ 1,5 milh\u00e3o foram investidos no local. O evento contou com a participa\u00e7\u00e3o de autoridades, representantes de entidades e institui\u00e7\u00f5es e da comunidade.<\/p>\n\n\n\n<p>O novo espa\u00e7o conta com cozinha, refeit\u00f3rio, sala de estudos, sala de estar, sala de atendimento individual, sala da coordena\u00e7\u00e3o, banheiros: masculino, feminino e PCD, 07 dormit\u00f3rios com capacidade para 20 acolhidos e 02 cuidadores e plataforma elevat\u00f3ria de acessibilidade. O Prefeito, Anderson Mantei falou sobre a entrega da obra, \u201cCom certeza, esse espa\u00e7o \u00e9 refer\u00eancia no estado e no pa\u00eds. A Apromes est\u00e1 com uma estrutura agora qualificada para melhorar ainda mais esse importante atendimento realizado em Santa Rosa. S\u00f3 podemos agradecer todas as volunt\u00e1rias, o Deputado Terra e toda a comunidade que sempre est\u00e1 disposta a ajudar\u201d.<\/p>\n\n\n\n<p>Ao todo, foram investidos na obra R$ 1.516.061,89 sendo, R$ 913.218,00 de repasse atrav\u00e9s de emenda do Deputado Federal, Osmar Terra e R$ 602.843,89 de recursos pr\u00f3prios do munic\u00edpio. A Presidente da Associa\u00e7\u00e3o, Luciana Durrewald Torres, agradeceu a todos que auxiliaram na obra e destacou a import\u00e2ncia da nova sede para a institui\u00e7\u00e3o, \u201cEsse \u00e9 um momento muito emocionante e de felicidade. Este pr\u00e9dio \u00e9 a realiza\u00e7\u00e3o de um sonho. Com este espa\u00e7o, vai ser poss\u00edvel atendermos melhor os acolhidos e continuar oferecendo um atendimento de qualidade\u201d.<\/p>\n\n\n\n<p>A APROMES Santa Rosa \u00e9 um abrigo institucional que atende crian\u00e7as e adolescentes do munic\u00edpio, retirados das fam\u00edlias, mediante medida protetiva do Juizado da Inf\u00e2ncia e Juventude, por causa de situa\u00e7\u00f5es de maus-tratos, viol\u00eancia, abuso e neglig\u00eancia.<\/p>\n","protected":false},"excerpt":{"rendered":"<p>O novo pr\u00e9dio para a Associa\u00e7\u00e3o de Prote\u00e7\u00e3o aos Meninos e Meninas de Santa Rosa \u2013 APROMES, foi inaugurado nesta<\/p>\n","protected":false},"author":6,"featured_media":8530,"comment_status":"closed","ping_status":"closed","sticky":false,"template":"","format":"standard","meta":{"footnotes":""},"categories":[4,22],"tags":[],"class_list":["post-8528","post","type-post","status-publish","format-standard","has-post-thumbnail","hentry","category-noticias","category-secretaria-municipal-de-planejamento-e-habitacao"],"aioseo_notices":[],"_links":{"self":[{"href":"https:\/\/prefeitura.santarosa.rs.gov.br\/index.php?rest_route=\/wp\/v2\/posts\/8528","targetHints":{"allow":["GET"]}}],"collection":[{"href":"https:\/\/prefeitura.santarosa.rs.gov.br\/index.php?rest_route=\/wp\/v2\/posts"}],"about":[{"href":"https:\/\/prefeitura.santarosa.rs.gov.br\/index.php?rest_route=\/wp\/v2\/types\/post"}],"author":[{"embeddable":true,"href":"https:\/\/prefeitura.santarosa.rs.gov.br\/index.php?rest_route=\/wp\/v2\/users\/6"}],"replies":[{"embeddable":true,"href":"https:\/\/prefeitura.santarosa.rs.gov.br\/index.php?rest_route=%2Fwp%2Fv2%2Fcomments&post=8528"}],"version-history":[{"count":1,"href":"https:\/\/prefeitura.santarosa.rs.gov.br\/index.php?rest_route=\/wp\/v2\/posts\/8528\/revisions"}],"predecessor-version":[{"id":8531,"href":"https:\/\/prefeitura.santarosa.rs.gov.br\/index.php?rest_route=\/wp\/v2\/posts\/8528\/revisions\/8531"}],"wp:featuredmedia":[{"embeddable":true,"href":"https:\/\/prefeitura.santarosa.rs.gov.br\/index.php?rest_route=\/wp\/v2\/media\/8530"}],"wp:attachment":[{"href":"https:\/\/prefeitura.santarosa.rs.gov.br\/index.php?rest_route=%2Fwp%2Fv2%2Fmedia&parent=8528"}],"wp:term":[{"taxonomy":"category","embeddable":true,"href":"https:\/\/prefeitura.santarosa.rs.gov.br\/index.php?rest_route=%2Fwp%2Fv2%2Fcategories&post=8528"},{"taxonomy":"post_tag","embeddable":true,"href":"https:\/\/prefeitura.santarosa.rs.gov.br\/index.php?rest_route=%2Fwp%2Fv2%2Ftags&post=8528"}],"curies":[{"name":"wp","href":"https:\/\/api.w.org\/{rel}","templated":true}]}}