{"id":8455,"date":"2023-10-11T17:18:42","date_gmt":"2023-10-11T20:18:42","guid":{"rendered":"https:\/\/prefeitura.santarosa.rs.gov.br\/?p=8455"},"modified":"2024-10-07T09:52:49","modified_gmt":"2024-10-07T12:52:49","slug":"fumssar-inicia-campanha-de-multivacinacao-na-proxima-semana","status":"publish","type":"post","link":"https:\/\/prefeitura.santarosa.rs.gov.br\/?p=8455","title":{"rendered":"<strong>FUMSSAR inicia Campanha de Multivacina\u00e7\u00e3o na pr\u00f3xima semana<\/strong>"},"content":{"rendered":"\n<figure class=\"wp-block-image size-full\"><img fetchpriority=\"high\" decoding=\"async\" width=\"860\" height=\"645\" src=\"https:\/\/prefeitura.santarosa.rs.gov.br\/wp-content\/uploads\/2023\/10\/Formato-Site-e-Portal-860X645-JPG-2023-10-11T160359.176.jpg\" alt=\"\" class=\"wp-image-8456\" srcset=\"https:\/\/prefeitura.santarosa.rs.gov.br\/wp-content\/uploads\/2023\/10\/Formato-Site-e-Portal-860X645-JPG-2023-10-11T160359.176.jpg 860w, https:\/\/prefeitura.santarosa.rs.gov.br\/wp-content\/uploads\/2023\/10\/Formato-Site-e-Portal-860X645-JPG-2023-10-11T160359.176-300x225.jpg 300w, https:\/\/prefeitura.santarosa.rs.gov.br\/wp-content\/uploads\/2023\/10\/Formato-Site-e-Portal-860X645-JPG-2023-10-11T160359.176-768x576.jpg 768w\" sizes=\"(max-width: 860px) 100vw, 860px\" \/><\/figure>\n\n\n\n<p>A Funda\u00e7\u00e3o Municipal de Sa\u00fade de Santa Rosa vai iniciar na pr\u00f3xima semana, de 16 a 27 de outubro, uma Campanha de Multivacina\u00e7\u00e3o. A imuniza\u00e7\u00e3o vai ser realizada em todas as Unidades B\u00e1sicas de Sa\u00fade. Podem se vacinar, crian\u00e7as e adolescentes de at\u00e9 15 anos incompletos. O objetivo \u00e9 realizar as doses em atraso do calend\u00e1rio vacinal e atualizar a Caderneta de Vacina\u00e7\u00e3o.&nbsp;<\/p>\n\n\n\n<p>O Programa Nacional de Imuniza\u00e7\u00f5es &#8211; PNI, oferece 18 vacinas para crian\u00e7as e adolescentes com esquemas diferenciados. Durante a campanha, as equipes das UBSs ir\u00e3o revisar as cadernetas de vacina\u00e7\u00e3o e orientar os pais a respeito da import\u00e2ncia de manter as vacinas em dia, conforme o calend\u00e1rio nacional de imuniza\u00e7\u00e3o. O Presidente da FUMSSAR, D\u00e9lcio Stefan, destaca a import\u00e2ncia da a\u00e7\u00e3o, \u201cVacinar \u00e9 a maneira mais eficaz que temos de proteger nossos filhos e prevenir doen\u00e7as. Esta campanha serve para estarmos atentos e se necess\u00e1rio, colocar em dia as doses em atraso das crian\u00e7as e dos adolescentes\u201d.<\/p>\n\n\n\n<p>Al\u00e9m da campanha, a FUMSSAR tamb\u00e9m vai realizar um Dia D de Multivacina\u00e7\u00e3o. A a\u00e7\u00e3o ser\u00e1 realizada no dia 21\/10 (s\u00e1bado), das 08h \u00e0s 17h, em todas as UBSs.<\/p>\n","protected":false},"excerpt":{"rendered":"<p>A Funda\u00e7\u00e3o Municipal de Sa\u00fade de Santa Rosa vai iniciar na pr\u00f3xima semana, de 16 a 27 de outubro, uma<\/p>\n","protected":false},"author":6,"featured_media":8457,"comment_status":"closed","ping_status":"closed","sticky":false,"template":"","format":"standard","meta":{"footnotes":""},"categories":[4,8],"tags":[],"class_list":["post-8455","post","type-post","status-publish","format-standard","has-post-thumbnail","hentry","category-noticias","category-noticias-fumssar"],"aioseo_notices":[],"_links":{"self":[{"href":"https:\/\/prefeitura.santarosa.rs.gov.br\/index.php?rest_route=\/wp\/v2\/posts\/8455","targetHints":{"allow":["GET"]}}],"collection":[{"href":"https:\/\/prefeitura.santarosa.rs.gov.br\/index.php?rest_route=\/wp\/v2\/posts"}],"about":[{"href":"https:\/\/prefeitura.santarosa.rs.gov.br\/index.php?rest_route=\/wp\/v2\/types\/post"}],"author":[{"embeddable":true,"href":"https:\/\/prefeitura.santarosa.rs.gov.br\/index.php?rest_route=\/wp\/v2\/users\/6"}],"replies":[{"embeddable":true,"href":"https:\/\/prefeitura.santarosa.rs.gov.br\/index.php?rest_route=%2Fwp%2Fv2%2Fcomments&post=8455"}],"version-history":[{"count":1,"href":"https:\/\/prefeitura.santarosa.rs.gov.br\/index.php?rest_route=\/wp\/v2\/posts\/8455\/revisions"}],"predecessor-version":[{"id":8458,"href":"https:\/\/prefeitura.santarosa.rs.gov.br\/index.php?rest_route=\/wp\/v2\/posts\/8455\/revisions\/8458"}],"wp:featuredmedia":[{"embeddable":true,"href":"https:\/\/prefeitura.santarosa.rs.gov.br\/index.php?rest_route=\/wp\/v2\/media\/8457"}],"wp:attachment":[{"href":"https:\/\/prefeitura.santarosa.rs.gov.br\/index.php?rest_route=%2Fwp%2Fv2%2Fmedia&parent=8455"}],"wp:term":[{"taxonomy":"category","embeddable":true,"href":"https:\/\/prefeitura.santarosa.rs.gov.br\/index.php?rest_route=%2Fwp%2Fv2%2Fcategories&post=8455"},{"taxonomy":"post_tag","embeddable":true,"href":"https:\/\/prefeitura.santarosa.rs.gov.br\/index.php?rest_route=%2Fwp%2Fv2%2Ftags&post=8455"}],"curies":[{"name":"wp","href":"https:\/\/api.w.org\/{rel}","templated":true}]}}