{"id":8415,"date":"2023-10-06T16:37:35","date_gmt":"2023-10-06T19:37:35","guid":{"rendered":"https:\/\/prefeitura.santarosa.rs.gov.br\/?p=8415"},"modified":"2024-10-07T09:52:49","modified_gmt":"2024-10-07T12:52:49","slug":"fumssar-promove-evento-cuidando-do-cuidador","status":"publish","type":"post","link":"https:\/\/prefeitura.santarosa.rs.gov.br\/?p=8415","title":{"rendered":"<strong>FUMSSAR promove evento \u201cCuidando do Cuidador\u201d<\/strong>"},"content":{"rendered":"\n<figure class=\"wp-block-image size-full\"><img fetchpriority=\"high\" decoding=\"async\" width=\"860\" height=\"645\" src=\"https:\/\/prefeitura.santarosa.rs.gov.br\/wp-content\/uploads\/2023\/10\/Formato-Site-e-Portal-860X645-JPG-2023-10-06T155930.274.jpg\" alt=\"\" class=\"wp-image-8416\" srcset=\"https:\/\/prefeitura.santarosa.rs.gov.br\/wp-content\/uploads\/2023\/10\/Formato-Site-e-Portal-860X645-JPG-2023-10-06T155930.274.jpg 860w, https:\/\/prefeitura.santarosa.rs.gov.br\/wp-content\/uploads\/2023\/10\/Formato-Site-e-Portal-860X645-JPG-2023-10-06T155930.274-300x225.jpg 300w, https:\/\/prefeitura.santarosa.rs.gov.br\/wp-content\/uploads\/2023\/10\/Formato-Site-e-Portal-860X645-JPG-2023-10-06T155930.274-768x576.jpg 768w\" sizes=\"(max-width: 860px) 100vw, 860px\" \/><\/figure>\n\n\n\n<p>Na \u00faltima semana, a Funda\u00e7\u00e3o Municipal de Sa\u00fade de Santa Rosa realizou o evento \u201cCuidando do Cuidador\u201d. A a\u00e7\u00e3o aconteceu no audit\u00f3rio do Cerest e foi promovida pela equipe do Programa Melhor em Casa. O objetivo do encontro foi proporcionar um momento especial para os cuidadores que acolhem os pacientes atendidos pelo servi\u00e7o.<\/p>\n\n\n\n<p>Na oportunidade, foram realizadas diversas atividades, como roda de conversa, din\u00e2micas e momentos de reflex\u00e3o. O Coordenador do Melhor em Casa, Leandro Rogerio Deuschle, destacou a import\u00e2ncia de momentos como este, de valoriza\u00e7\u00e3o do cuidador, \u201cFoi uma oportunidade especial de compartilhar experi\u00eancias e de proporcionar momentos de descontra\u00e7\u00e3o e bem-estar aos cuidadores que dedicam v\u00e1rias horas do seu dia para cuidar dos pacientes atendidos no Melhor em Casa. Ficamos muito contentes em promover este espa\u00e7o de escuta, acolhimento e de apoio\u201d.<\/p>\n\n\n\n<p>O Melhor em Casa realiza atualmente, o atendimento de 50 pacientes em Santa Rosa. S\u00e3o realizadas por m\u00eas, mais de 400 visitas domiciliares e cerca de 2.100 procedimentos. O programa conta com uma equipe multiprofissional composta por: m\u00e9dico, enfermeira, t\u00e9cnicos de enfermagem, fonoaudi\u00f3loga, fisioterapeuta e nutricionista.<\/p>\n","protected":false},"excerpt":{"rendered":"<p>Na \u00faltima semana, a Funda\u00e7\u00e3o Municipal de Sa\u00fade de Santa Rosa realizou o evento \u201cCuidando do Cuidador\u201d. A a\u00e7\u00e3o aconteceu<\/p>\n","protected":false},"author":6,"featured_media":8417,"comment_status":"closed","ping_status":"closed","sticky":false,"template":"","format":"standard","meta":{"footnotes":""},"categories":[4,8],"tags":[],"class_list":["post-8415","post","type-post","status-publish","format-standard","has-post-thumbnail","hentry","category-noticias","category-noticias-fumssar"],"aioseo_notices":[],"_links":{"self":[{"href":"https:\/\/prefeitura.santarosa.rs.gov.br\/index.php?rest_route=\/wp\/v2\/posts\/8415","targetHints":{"allow":["GET"]}}],"collection":[{"href":"https:\/\/prefeitura.santarosa.rs.gov.br\/index.php?rest_route=\/wp\/v2\/posts"}],"about":[{"href":"https:\/\/prefeitura.santarosa.rs.gov.br\/index.php?rest_route=\/wp\/v2\/types\/post"}],"author":[{"embeddable":true,"href":"https:\/\/prefeitura.santarosa.rs.gov.br\/index.php?rest_route=\/wp\/v2\/users\/6"}],"replies":[{"embeddable":true,"href":"https:\/\/prefeitura.santarosa.rs.gov.br\/index.php?rest_route=%2Fwp%2Fv2%2Fcomments&post=8415"}],"version-history":[{"count":1,"href":"https:\/\/prefeitura.santarosa.rs.gov.br\/index.php?rest_route=\/wp\/v2\/posts\/8415\/revisions"}],"predecessor-version":[{"id":8418,"href":"https:\/\/prefeitura.santarosa.rs.gov.br\/index.php?rest_route=\/wp\/v2\/posts\/8415\/revisions\/8418"}],"wp:featuredmedia":[{"embeddable":true,"href":"https:\/\/prefeitura.santarosa.rs.gov.br\/index.php?rest_route=\/wp\/v2\/media\/8417"}],"wp:attachment":[{"href":"https:\/\/prefeitura.santarosa.rs.gov.br\/index.php?rest_route=%2Fwp%2Fv2%2Fmedia&parent=8415"}],"wp:term":[{"taxonomy":"category","embeddable":true,"href":"https:\/\/prefeitura.santarosa.rs.gov.br\/index.php?rest_route=%2Fwp%2Fv2%2Fcategories&post=8415"},{"taxonomy":"post_tag","embeddable":true,"href":"https:\/\/prefeitura.santarosa.rs.gov.br\/index.php?rest_route=%2Fwp%2Fv2%2Ftags&post=8415"}],"curies":[{"name":"wp","href":"https:\/\/api.w.org\/{rel}","templated":true}]}}