{"id":8411,"date":"2023-10-06T11:12:30","date_gmt":"2023-10-06T14:12:30","guid":{"rendered":"https:\/\/prefeitura.santarosa.rs.gov.br\/?p=8411"},"modified":"2024-10-07T09:52:49","modified_gmt":"2024-10-07T12:52:49","slug":"centro-de-atendimento-a-mulher-realiza-acao-educativa-de-prevencao-a-violencia-domestica","status":"publish","type":"post","link":"https:\/\/prefeitura.santarosa.rs.gov.br\/?p=8411","title":{"rendered":"<strong>Centro de Atendimento \u00e0 Mulher realiza a\u00e7\u00e3o educativa de preven\u00e7\u00e3o \u00e0 viol\u00eancia dom\u00e9stica<\/strong>"},"content":{"rendered":"\n<figure class=\"wp-block-image size-full\"><img fetchpriority=\"high\" decoding=\"async\" width=\"860\" height=\"645\" src=\"https:\/\/prefeitura.santarosa.rs.gov.br\/wp-content\/uploads\/2023\/10\/Formato-Site-e-Portal-860X645-JPG-2023-10-06T111150.715.jpg\" alt=\"\" class=\"wp-image-8412\" srcset=\"https:\/\/prefeitura.santarosa.rs.gov.br\/wp-content\/uploads\/2023\/10\/Formato-Site-e-Portal-860X645-JPG-2023-10-06T111150.715.jpg 860w, https:\/\/prefeitura.santarosa.rs.gov.br\/wp-content\/uploads\/2023\/10\/Formato-Site-e-Portal-860X645-JPG-2023-10-06T111150.715-300x225.jpg 300w, https:\/\/prefeitura.santarosa.rs.gov.br\/wp-content\/uploads\/2023\/10\/Formato-Site-e-Portal-860X645-JPG-2023-10-06T111150.715-768x576.jpg 768w\" sizes=\"(max-width: 860px) 100vw, 860px\" \/><\/figure>\n\n\n\n<p>A Secretaria de Desenvolvimento Social por meio da equipe do Centro de Refer\u00eancia Regional de Atendimento \u00e0 Mulher Dirce Gr\u00f6sz \u2013 CRRM, promoveu mais uma a\u00e7\u00e3o educativa de preven\u00e7\u00e3o \u00e0 viol\u00eancia dom\u00e9stica. A atividade foi realizada na Associa\u00e7\u00e3o Beneficente Espa\u00e7o Feliz e contou com a participa\u00e7\u00e3o de m\u00e3es e av\u00f3s das crian\u00e7as e adolescentes atendidos no servi\u00e7o. O objetivo foi trabalhar quest\u00f5es de preven\u00e7\u00e3o e atendimento da viol\u00eancia dom\u00e9stica e intrafamiliar.<\/p>\n\n\n\n<p>Durante o encontro, a equipe falou sobre os tipos de viol\u00eancia (f\u00edsica, psicol\u00f3gica, moral, patrimonial e sexual) e as poss\u00edveis a\u00e7\u00f5es para cessar as viola\u00e7\u00f5es de direitos que geralmente, s\u00e3o manifestadas dentro de casa. Na oportunidade, foi tratado sobre a Lei Maria da Penha e os mecanismos para coibir e prevenir a viol\u00eancia dom\u00e9stica e familiar contra a mulher. A Gerente do CRRM Dirce Gr\u00f6sz, Mariza Oleynek, destacou a import\u00e2ncia da a\u00e7\u00e3o, \u201cFoi um momento muito importante, onde podemos trabalhar quest\u00f5es como coragem, autoconhecimento e resgate da autoestima das mulheres, trazendo conhecimento e informa\u00e7\u00e3o para elas\u201d.<\/p>\n\n\n\n<p>No local, tamb\u00e9m foi realizada uma din\u00e2mica com o tema: \u201cTomada de Consci\u00eancia\u201d, com o objetivo de estimular o pensar e a express\u00e3o dos sentimentos. Ao final, as mulheres ouviram a m\u00fasica \u201cS\u00f3 uma Can\u00e7\u00e3o\u201d, que deixa como mensagem, que as mudan\u00e7as s\u00f3 dependem de n\u00f3s mesmos e que pode haver equil\u00edbrio entre o medo e a coragem, para seguir em frente.<\/p>\n","protected":false},"excerpt":{"rendered":"<p>A Secretaria de Desenvolvimento Social por meio da equipe do Centro de Refer\u00eancia Regional de Atendimento \u00e0 Mulher Dirce Gr\u00f6sz<\/p>\n","protected":false},"author":6,"featured_media":8413,"comment_status":"closed","ping_status":"closed","sticky":false,"template":"","format":"standard","meta":{"footnotes":""},"categories":[4,17],"tags":[],"class_list":["post-8411","post","type-post","status-publish","format-standard","has-post-thumbnail","hentry","category-noticias","category-secretaria-municipal-de-desenvolvimento-social"],"aioseo_notices":[],"_links":{"self":[{"href":"https:\/\/prefeitura.santarosa.rs.gov.br\/index.php?rest_route=\/wp\/v2\/posts\/8411","targetHints":{"allow":["GET"]}}],"collection":[{"href":"https:\/\/prefeitura.santarosa.rs.gov.br\/index.php?rest_route=\/wp\/v2\/posts"}],"about":[{"href":"https:\/\/prefeitura.santarosa.rs.gov.br\/index.php?rest_route=\/wp\/v2\/types\/post"}],"author":[{"embeddable":true,"href":"https:\/\/prefeitura.santarosa.rs.gov.br\/index.php?rest_route=\/wp\/v2\/users\/6"}],"replies":[{"embeddable":true,"href":"https:\/\/prefeitura.santarosa.rs.gov.br\/index.php?rest_route=%2Fwp%2Fv2%2Fcomments&post=8411"}],"version-history":[{"count":1,"href":"https:\/\/prefeitura.santarosa.rs.gov.br\/index.php?rest_route=\/wp\/v2\/posts\/8411\/revisions"}],"predecessor-version":[{"id":8414,"href":"https:\/\/prefeitura.santarosa.rs.gov.br\/index.php?rest_route=\/wp\/v2\/posts\/8411\/revisions\/8414"}],"wp:featuredmedia":[{"embeddable":true,"href":"https:\/\/prefeitura.santarosa.rs.gov.br\/index.php?rest_route=\/wp\/v2\/media\/8413"}],"wp:attachment":[{"href":"https:\/\/prefeitura.santarosa.rs.gov.br\/index.php?rest_route=%2Fwp%2Fv2%2Fmedia&parent=8411"}],"wp:term":[{"taxonomy":"category","embeddable":true,"href":"https:\/\/prefeitura.santarosa.rs.gov.br\/index.php?rest_route=%2Fwp%2Fv2%2Fcategories&post=8411"},{"taxonomy":"post_tag","embeddable":true,"href":"https:\/\/prefeitura.santarosa.rs.gov.br\/index.php?rest_route=%2Fwp%2Fv2%2Ftags&post=8411"}],"curies":[{"name":"wp","href":"https:\/\/api.w.org\/{rel}","templated":true}]}}