{"id":8402,"date":"2023-10-05T14:41:40","date_gmt":"2023-10-05T17:41:40","guid":{"rendered":"https:\/\/prefeitura.santarosa.rs.gov.br\/?p=8402"},"modified":"2024-10-07T09:52:49","modified_gmt":"2024-10-07T12:52:49","slug":"feira-da-praca-cerca-de-r-70-mil-foram-comercializados-nos-ultimos-4-meses","status":"publish","type":"post","link":"https:\/\/prefeitura.santarosa.rs.gov.br\/?p=8402","title":{"rendered":"<strong>Feira da Pra\u00e7a: cerca de R$ 70 mil foram comercializados nos \u00faltimos 4 meses<\/strong>"},"content":{"rendered":"\n<figure class=\"wp-block-image size-full\"><img fetchpriority=\"high\" decoding=\"async\" width=\"860\" height=\"645\" src=\"https:\/\/prefeitura.santarosa.rs.gov.br\/wp-content\/uploads\/2023\/10\/Formato-Site-e-Portal-860X645-JPG-2023-10-05T110500.370.jpg\" alt=\"\" class=\"wp-image-8403\" srcset=\"https:\/\/prefeitura.santarosa.rs.gov.br\/wp-content\/uploads\/2023\/10\/Formato-Site-e-Portal-860X645-JPG-2023-10-05T110500.370.jpg 860w, https:\/\/prefeitura.santarosa.rs.gov.br\/wp-content\/uploads\/2023\/10\/Formato-Site-e-Portal-860X645-JPG-2023-10-05T110500.370-300x225.jpg 300w, https:\/\/prefeitura.santarosa.rs.gov.br\/wp-content\/uploads\/2023\/10\/Formato-Site-e-Portal-860X645-JPG-2023-10-05T110500.370-768x576.jpg 768w\" sizes=\"(max-width: 860px) 100vw, 860px\" \/><\/figure>\n\n\n\n<p>O Governo Municipal iniciou h\u00e1 quatro meses, a Feira da Pra\u00e7a em Santa Rosa. Um novo ponto de encontro cultural e de valoriza\u00e7\u00e3o de artes\u00e3os e produtores do munic\u00edpio, que oferece para os cidad\u00e3os uma ampla variedade de produtos no centro da cidade, na Pra\u00e7a da Bandeira. O local foi escolhido estrategicamente para facilitar o acesso da popula\u00e7\u00e3o e contribuir para que mais pessoas frequentem o espa\u00e7o. Desde a inaugura\u00e7\u00e3o em maio deste ano, ocorreram 18 encontros, com uma m\u00e9dia de 350 visitantes por s\u00e1bado. Mais de 6 mil pessoas frequentaram a feira at\u00e9 o momento. Neste per\u00edodo, foram comercializados cerca de R$ 70 mil. &nbsp;<\/p>\n\n\n\n<p>O objetivo do projeto foi criar em Santa Rosa, mais um espa\u00e7o de oportunidades para a gera\u00e7\u00e3o de renda. A feira j\u00e1 acontecia anteriormente de forma independente, sendo assim, a prefeitura em parceria com o Sicredi, padronizou barracas e ofertou qualifica\u00e7\u00e3o aos expositores, estruturando o servi\u00e7o. &nbsp;Atualmente, a feira conta com 22 expositores. No local, s\u00e3o comercializados: artesanatos, produtos hortigranjeiros de origem org\u00e2nica, flores, suculentas e produtos panificados. O Secret\u00e1rio de Desenvolvimento Econ\u00f4mico, Turismo e Tecnologia, Odaylson Eder, destacou que com o sucesso da feira, est\u00e1 sendo analisada a possibilidade de amplia\u00e7\u00e3o do projeto, \u201cEstamos muito contentes com os resultados destes quatro meses da Feira da Pra\u00e7a. Os feirantes est\u00e3o conseguindo atrair novos clientes e manter aqueles que j\u00e1 compravam seus produtos, aumentando cada vez mais sua renda. \u00c9 um projeto fant\u00e1stico que movimenta a economia familiar e que traz benef\u00edcios tanto para a popula\u00e7\u00e3o, com a oferta de produtos de qualidade, quanto para os feirantes, com a valoriza\u00e7\u00e3o e a comercializa\u00e7\u00e3o das mercadorias\u201d.<\/p>\n\n\n\n<p>De maio a setembro deste ano, foram realizadas vendas no valor total de R$ 67.445,00. A artes\u00e3 Cledi Hilgert, uma das feirantes que iniciou junto com a feira, ressaltou que tem sido uma oportunidade incr\u00edvel de mostrar o seu trabalho e aumentar sua lucratividade, \u201cEsta \u00e9 a primeira vez que eu estou trabalhando como feirante e est\u00e1 sendo excelente, porque al\u00e9m de conseguir expor as minhas mercadorias, tamb\u00e9m consigo entender a necessidade do p\u00fablico e o que eles est\u00e3o buscando. Sou muito grata por essa iniciativa da prefeitura e espero que esse projeto continue por muito tempo em Santa Rosa\u201d. A Feira da Pra\u00e7a acontece todos os s\u00e1bados, das 08h \u00e0s 13h, na Pra\u00e7a da Bandeira, em frente ao Centro Cultural Prof. Fioravante Pedrazani.<\/p>\n","protected":false},"excerpt":{"rendered":"<p>O Governo Municipal iniciou h\u00e1 quatro meses, a Feira da Pra\u00e7a em Santa Rosa. Um novo ponto de encontro cultural<\/p>\n","protected":false},"author":6,"featured_media":8404,"comment_status":"closed","ping_status":"closed","sticky":false,"template":"","format":"standard","meta":{"footnotes":""},"categories":[4,16],"tags":[],"class_list":["post-8402","post","type-post","status-publish","format-standard","has-post-thumbnail","hentry","category-noticias","category-secretaria-municipal-de-desenvolvimento-economico-turismo-e-tecnologia"],"aioseo_notices":[],"_links":{"self":[{"href":"https:\/\/prefeitura.santarosa.rs.gov.br\/index.php?rest_route=\/wp\/v2\/posts\/8402","targetHints":{"allow":["GET"]}}],"collection":[{"href":"https:\/\/prefeitura.santarosa.rs.gov.br\/index.php?rest_route=\/wp\/v2\/posts"}],"about":[{"href":"https:\/\/prefeitura.santarosa.rs.gov.br\/index.php?rest_route=\/wp\/v2\/types\/post"}],"author":[{"embeddable":true,"href":"https:\/\/prefeitura.santarosa.rs.gov.br\/index.php?rest_route=\/wp\/v2\/users\/6"}],"replies":[{"embeddable":true,"href":"https:\/\/prefeitura.santarosa.rs.gov.br\/index.php?rest_route=%2Fwp%2Fv2%2Fcomments&post=8402"}],"version-history":[{"count":1,"href":"https:\/\/prefeitura.santarosa.rs.gov.br\/index.php?rest_route=\/wp\/v2\/posts\/8402\/revisions"}],"predecessor-version":[{"id":8405,"href":"https:\/\/prefeitura.santarosa.rs.gov.br\/index.php?rest_route=\/wp\/v2\/posts\/8402\/revisions\/8405"}],"wp:featuredmedia":[{"embeddable":true,"href":"https:\/\/prefeitura.santarosa.rs.gov.br\/index.php?rest_route=\/wp\/v2\/media\/8404"}],"wp:attachment":[{"href":"https:\/\/prefeitura.santarosa.rs.gov.br\/index.php?rest_route=%2Fwp%2Fv2%2Fmedia&parent=8402"}],"wp:term":[{"taxonomy":"category","embeddable":true,"href":"https:\/\/prefeitura.santarosa.rs.gov.br\/index.php?rest_route=%2Fwp%2Fv2%2Fcategories&post=8402"},{"taxonomy":"post_tag","embeddable":true,"href":"https:\/\/prefeitura.santarosa.rs.gov.br\/index.php?rest_route=%2Fwp%2Fv2%2Ftags&post=8402"}],"curies":[{"name":"wp","href":"https:\/\/api.w.org\/{rel}","templated":true}]}}