{"id":836,"date":"2021-10-01T08:53:00","date_gmt":"2021-10-01T11:53:00","guid":{"rendered":"https:\/\/prefeitura.santarosa.rs.gov.br\/?p=836"},"modified":"2024-10-07T09:54:43","modified_gmt":"2024-10-07T12:54:43","slug":"ambulatorio-e-leitos-clinicos-da-covid-sao-encerrados-no-hospital-dom-bosco","status":"publish","type":"post","link":"https:\/\/prefeitura.santarosa.rs.gov.br\/?p=836","title":{"rendered":"Ambulat\u00f3rio e leitos cl\u00ednicos da COVID s\u00e3o encerrados no Hospital Dom Bosco"},"content":{"rendered":"\n<p>Os leitos de UTI COVID permanecem ativos.<\/p>\n\n\n\n<p>Com a diminui\u00e7\u00e3o dos casos da COVID-19 e o avan\u00e7o da vacina\u00e7\u00e3o no munic\u00edpio, a Funda\u00e7\u00e3o Municipal de Sa\u00fade de Santa Rosa informa que a partir desta sexta-feira (01), encerra o atendimento no Ambulat\u00f3rio e os leitos cl\u00ednicos da COVID no Hospital Dom Bosco. Os leitos de UTI COVID permanecem ativos.<\/p>\n\n\n\n<p>As pessoas com sintomas respirat\u00f3rios, que necessitarem de atendimento, devem procurar a Unidade Sentinela do Centro, localizada na Rua Buenos Aires, 40. Os casos de urg\u00eancia e emerg\u00eancia podem ser encaminhados para a UPA \u2013 Unidade de Pronto Atendimento. Os pacientes p\u00f3s-covid podem buscar a UBS \u2013 Unidade B\u00e1sica de Sa\u00fade mais pr\u00f3xima para atendimento. A FUMSSAR informa tamb\u00e9m que a partir de segunda-feira (04), os Boletins divulgados diariamente v\u00e3o passar a ser semanais.<\/p>\n","protected":false},"excerpt":{"rendered":"<p>Os leitos de UTI COVID permanecem ativos. Com a diminui\u00e7\u00e3o dos casos da COVID-19 e o avan\u00e7o da vacina\u00e7\u00e3o no<\/p>\n","protected":false},"author":3,"featured_media":843,"comment_status":"open","ping_status":"open","sticky":false,"template":"","format":"standard","meta":{"footnotes":""},"categories":[6,4,8],"tags":[],"class_list":["post-836","post","type-post","status-publish","format-standard","has-post-thumbnail","hentry","category-covid-19","category-noticias","category-noticias-fumssar"],"aioseo_notices":[],"_links":{"self":[{"href":"https:\/\/prefeitura.santarosa.rs.gov.br\/index.php?rest_route=\/wp\/v2\/posts\/836","targetHints":{"allow":["GET"]}}],"collection":[{"href":"https:\/\/prefeitura.santarosa.rs.gov.br\/index.php?rest_route=\/wp\/v2\/posts"}],"about":[{"href":"https:\/\/prefeitura.santarosa.rs.gov.br\/index.php?rest_route=\/wp\/v2\/types\/post"}],"author":[{"embeddable":true,"href":"https:\/\/prefeitura.santarosa.rs.gov.br\/index.php?rest_route=\/wp\/v2\/users\/3"}],"replies":[{"embeddable":true,"href":"https:\/\/prefeitura.santarosa.rs.gov.br\/index.php?rest_route=%2Fwp%2Fv2%2Fcomments&post=836"}],"version-history":[{"count":1,"href":"https:\/\/prefeitura.santarosa.rs.gov.br\/index.php?rest_route=\/wp\/v2\/posts\/836\/revisions"}],"predecessor-version":[{"id":844,"href":"https:\/\/prefeitura.santarosa.rs.gov.br\/index.php?rest_route=\/wp\/v2\/posts\/836\/revisions\/844"}],"wp:featuredmedia":[{"embeddable":true,"href":"https:\/\/prefeitura.santarosa.rs.gov.br\/index.php?rest_route=\/wp\/v2\/media\/843"}],"wp:attachment":[{"href":"https:\/\/prefeitura.santarosa.rs.gov.br\/index.php?rest_route=%2Fwp%2Fv2%2Fmedia&parent=836"}],"wp:term":[{"taxonomy":"category","embeddable":true,"href":"https:\/\/prefeitura.santarosa.rs.gov.br\/index.php?rest_route=%2Fwp%2Fv2%2Fcategories&post=836"},{"taxonomy":"post_tag","embeddable":true,"href":"https:\/\/prefeitura.santarosa.rs.gov.br\/index.php?rest_route=%2Fwp%2Fv2%2Ftags&post=836"}],"curies":[{"name":"wp","href":"https:\/\/api.w.org\/{rel}","templated":true}]}}