{"id":8318,"date":"2023-09-29T11:11:17","date_gmt":"2023-09-29T14:11:17","guid":{"rendered":"https:\/\/prefeitura.santarosa.rs.gov.br\/?p=8318"},"modified":"2024-10-07T09:52:50","modified_gmt":"2024-10-07T12:52:50","slug":"abertura-da-mostra-de-artes-expressoes-e-realizada-em-santa-rosa","status":"publish","type":"post","link":"https:\/\/prefeitura.santarosa.rs.gov.br\/?p=8318","title":{"rendered":"<strong>Abertura da Mostra de Artes \u201cExpress\u00f5es\u201d \u00e9 realizada em Santa Rosa<\/strong>"},"content":{"rendered":"\n<figure class=\"wp-block-image size-full\"><img fetchpriority=\"high\" decoding=\"async\" width=\"860\" height=\"645\" src=\"https:\/\/prefeitura.santarosa.rs.gov.br\/wp-content\/uploads\/2023\/09\/Formato-Site-e-Portal-860X645-JPG-2023-09-29T110244.886.jpg\" alt=\"\" class=\"wp-image-8322\" srcset=\"https:\/\/prefeitura.santarosa.rs.gov.br\/wp-content\/uploads\/2023\/09\/Formato-Site-e-Portal-860X645-JPG-2023-09-29T110244.886.jpg 860w, https:\/\/prefeitura.santarosa.rs.gov.br\/wp-content\/uploads\/2023\/09\/Formato-Site-e-Portal-860X645-JPG-2023-09-29T110244.886-300x225.jpg 300w, https:\/\/prefeitura.santarosa.rs.gov.br\/wp-content\/uploads\/2023\/09\/Formato-Site-e-Portal-860X645-JPG-2023-09-29T110244.886-768x576.jpg 768w\" sizes=\"(max-width: 860px) 100vw, 860px\" \/><\/figure>\n\n\n\n<p>Nesta quinta-feira (28), foi realizada em Santa Rosa, a abertura da Mostra de Artes \u201cExpress\u00f5es\u201d. O evento aconteceu no Centro Cultural Prof. Fioravante Pedrazani e contou com a presen\u00e7a de autoridades e da comunidade. A atividade foi promovida pela Prefeitura atrav\u00e9s da Secretaria de Educa\u00e7\u00e3o e Cultura e pelo Conselho Municipal de Pol\u00edtica Cultural de Santa Rosa &#8211; CMPC, com o apoio do Instituto Federal Farroupilha \u2013 IFFAR. Na oportunidade, foram expostos os trabalhos de duas santa-rosenses, as fotos da fot\u00f3grafa, Aline Lima e as obras de aquarela da artista, Cornelia Kudiess.<\/p>\n\n\n\n<p>O Centro Cultural \u00e9 um ambiente destinado \u00e0 arte e \u00e0 cultura. O Presidente do CMPC, Amilcar Luconi, destacou que esta \u00e9 a primeira edi\u00e7\u00e3o da Mostra de Artes \u201cExpress\u00f5es\u201d, das muitas que vir\u00e3o para valorizar as obras dos artistas de Santa Rosa, \u201cEste \u00e9 um momento marcante, de valoriza\u00e7\u00e3o da arte e dos artistas locais. Nosso objetivo \u00e9 promover estes eventos com regularidade, a\u00e7\u00f5es diversificadas, que atendam aos anseios culturais da comunidade santa-rosense e de toda a regi\u00e3o\u201d. Logo ap\u00f3s, as duas artistas expositoras agradeceram a oportunidade e contaram suas hist\u00f3rias de vida e como foi o processo no caminho da arte.<\/p>\n\n\n\n<p>Em seguida, a Secret\u00e1ria de Educa\u00e7\u00e3o e Cultura, Lires Zimmermann, ressaltou a import\u00e2ncia deste momento de retomada das exposi\u00e7\u00f5es art\u00edstico-culturais, em um local de grande valor hist\u00f3rico. Antes de iniciar a visualiza\u00e7\u00e3o das obras, o Vice-Prefeito Aldemir Ulrich, agradeceu a parceria do Conselho de Pol\u00edtica Cultural com a Prefeitura e parabenizou o trabalho das artistas, \u201cQue este seja realmente o primeiro de muitos outros eventos culturais realizados aqui no munic\u00edpio. Nosso desejo \u00e9 que o Centro Cultural Prof. Fioravante Pedrazani seja palco das mais diversas produ\u00e7\u00f5es art\u00edsticas e um centro de refer\u00eancia para toda a regi\u00e3o\u201d.<\/p>\n\n\n\n<p>A Mostra de Artes \u201cExpress\u00f5es\u201d estar\u00e1 aberta para visita\u00e7\u00e3o at\u00e9 o final do m\u00eas de outubro.<\/p>\n","protected":false},"excerpt":{"rendered":"<p>Nesta quinta-feira (28), foi realizada em Santa Rosa, a abertura da Mostra de Artes \u201cExpress\u00f5es\u201d. O evento aconteceu no Centro<\/p>\n","protected":false},"author":6,"featured_media":8323,"comment_status":"closed","ping_status":"closed","sticky":false,"template":"","format":"standard","meta":{"footnotes":""},"categories":[4,18],"tags":[],"class_list":["post-8318","post","type-post","status-publish","format-standard","has-post-thumbnail","hentry","category-noticias","category-secretaria-municipal-de-educacao-e-cultura"],"aioseo_notices":[],"_links":{"self":[{"href":"https:\/\/prefeitura.santarosa.rs.gov.br\/index.php?rest_route=\/wp\/v2\/posts\/8318","targetHints":{"allow":["GET"]}}],"collection":[{"href":"https:\/\/prefeitura.santarosa.rs.gov.br\/index.php?rest_route=\/wp\/v2\/posts"}],"about":[{"href":"https:\/\/prefeitura.santarosa.rs.gov.br\/index.php?rest_route=\/wp\/v2\/types\/post"}],"author":[{"embeddable":true,"href":"https:\/\/prefeitura.santarosa.rs.gov.br\/index.php?rest_route=\/wp\/v2\/users\/6"}],"replies":[{"embeddable":true,"href":"https:\/\/prefeitura.santarosa.rs.gov.br\/index.php?rest_route=%2Fwp%2Fv2%2Fcomments&post=8318"}],"version-history":[{"count":1,"href":"https:\/\/prefeitura.santarosa.rs.gov.br\/index.php?rest_route=\/wp\/v2\/posts\/8318\/revisions"}],"predecessor-version":[{"id":8324,"href":"https:\/\/prefeitura.santarosa.rs.gov.br\/index.php?rest_route=\/wp\/v2\/posts\/8318\/revisions\/8324"}],"wp:featuredmedia":[{"embeddable":true,"href":"https:\/\/prefeitura.santarosa.rs.gov.br\/index.php?rest_route=\/wp\/v2\/media\/8323"}],"wp:attachment":[{"href":"https:\/\/prefeitura.santarosa.rs.gov.br\/index.php?rest_route=%2Fwp%2Fv2%2Fmedia&parent=8318"}],"wp:term":[{"taxonomy":"category","embeddable":true,"href":"https:\/\/prefeitura.santarosa.rs.gov.br\/index.php?rest_route=%2Fwp%2Fv2%2Fcategories&post=8318"},{"taxonomy":"post_tag","embeddable":true,"href":"https:\/\/prefeitura.santarosa.rs.gov.br\/index.php?rest_route=%2Fwp%2Fv2%2Ftags&post=8318"}],"curies":[{"name":"wp","href":"https:\/\/api.w.org\/{rel}","templated":true}]}}