{"id":8309,"date":"2023-09-28T15:46:04","date_gmt":"2023-09-28T18:46:04","guid":{"rendered":"https:\/\/prefeitura.santarosa.rs.gov.br\/?p=8309"},"modified":"2024-10-07T09:52:50","modified_gmt":"2024-10-07T12:52:50","slug":"prefeitura-divulga-levantamento-das-doacoes-recebidas-para-o-vale-do-taquari","status":"publish","type":"post","link":"https:\/\/prefeitura.santarosa.rs.gov.br\/?p=8309","title":{"rendered":"<strong>Prefeitura divulga levantamento das doa\u00e7\u00f5es recebidas para o Vale do Taquari<\/strong>"},"content":{"rendered":"\n<figure class=\"wp-block-image size-full\"><img fetchpriority=\"high\" decoding=\"async\" width=\"860\" height=\"645\" src=\"https:\/\/prefeitura.santarosa.rs.gov.br\/wp-content\/uploads\/2023\/09\/Formato-Site-e-Portal-860X645-JPG-2023-09-28T154340.883.jpg\" alt=\"\" class=\"wp-image-8310\" srcset=\"https:\/\/prefeitura.santarosa.rs.gov.br\/wp-content\/uploads\/2023\/09\/Formato-Site-e-Portal-860X645-JPG-2023-09-28T154340.883.jpg 860w, https:\/\/prefeitura.santarosa.rs.gov.br\/wp-content\/uploads\/2023\/09\/Formato-Site-e-Portal-860X645-JPG-2023-09-28T154340.883-300x225.jpg 300w, https:\/\/prefeitura.santarosa.rs.gov.br\/wp-content\/uploads\/2023\/09\/Formato-Site-e-Portal-860X645-JPG-2023-09-28T154340.883-768x576.jpg 768w\" sizes=\"(max-width: 860px) 100vw, 860px\" \/><\/figure>\n\n\n\n<p>O Governo Municipal divulgou nesta quinta-feira (28), o levantamento das doa\u00e7\u00f5es recebidas atrav\u00e9s da Campanha Santa Rosa unida pelo Vale do Taquari. No in\u00edcio do m\u00eas, em uma for\u00e7a tarefa, Prefeitura, Brigada Militar, Defesa Civil, Bombeiros e o 19\u00ba RC MEC, se uniram para arrecadar donativos para as cidades do RS, atingidas pelas enchentes. Os itens doados foram encaminhados para um pavilh\u00e3o no Parque de Exposi\u00e7\u00f5es Alfredo Leandro Carlson, onde passaram por uma separa\u00e7\u00e3o. Em seguida, a Secretaria de Desenvolvimento Social acionou a Defesa Civil de Santo \u00c2ngelo que realizou as destina\u00e7\u00f5es finais aos munic\u00edpios ga\u00fachos.<\/p>\n\n\n\n<p>O Vice-Prefeito Aldemir Ulrich, agradeceu o empenho da comunidade e a todos que doaram itens para a Campanha, \u201cMais uma vez nossa comunidade mostrou o esp\u00edrito do voluntariado e de amor ao pr\u00f3ximo. Ficamos contentes de mesmo de longe, poder ajudar aquelas fam\u00edlias que perderam tudo e que agora, precisam recome\u00e7ar do zero\u201d.<\/p>\n\n\n\n<p>Confira abaixo, os dados do que foi arrecadado na campanha:<\/p>\n\n\n\n<p>&#8211; Mais de 40 mil pe\u00e7as de vestu\u00e1rio, cama, mesa e banho<\/p>\n\n\n\n<p>&#8211; 250 cestas b\u00e1sicas<\/p>\n\n\n\n<p>&#8211; 300 kits de higiene e limpeza<\/p>\n\n\n\n<p>&#8211; Mais de 50 colch\u00f5es<\/p>\n\n\n\n<p>&#8211; 1.800 litros de \u00e1gua<\/p>\n","protected":false},"excerpt":{"rendered":"<p>O Governo Municipal divulgou nesta quinta-feira (28), o levantamento das doa\u00e7\u00f5es recebidas atrav\u00e9s da Campanha Santa Rosa unida pelo Vale<\/p>\n","protected":false},"author":6,"featured_media":8311,"comment_status":"closed","ping_status":"closed","sticky":false,"template":"","format":"standard","meta":{"footnotes":""},"categories":[4,17],"tags":[],"class_list":["post-8309","post","type-post","status-publish","format-standard","has-post-thumbnail","hentry","category-noticias","category-secretaria-municipal-de-desenvolvimento-social"],"aioseo_notices":[],"_links":{"self":[{"href":"https:\/\/prefeitura.santarosa.rs.gov.br\/index.php?rest_route=\/wp\/v2\/posts\/8309","targetHints":{"allow":["GET"]}}],"collection":[{"href":"https:\/\/prefeitura.santarosa.rs.gov.br\/index.php?rest_route=\/wp\/v2\/posts"}],"about":[{"href":"https:\/\/prefeitura.santarosa.rs.gov.br\/index.php?rest_route=\/wp\/v2\/types\/post"}],"author":[{"embeddable":true,"href":"https:\/\/prefeitura.santarosa.rs.gov.br\/index.php?rest_route=\/wp\/v2\/users\/6"}],"replies":[{"embeddable":true,"href":"https:\/\/prefeitura.santarosa.rs.gov.br\/index.php?rest_route=%2Fwp%2Fv2%2Fcomments&post=8309"}],"version-history":[{"count":1,"href":"https:\/\/prefeitura.santarosa.rs.gov.br\/index.php?rest_route=\/wp\/v2\/posts\/8309\/revisions"}],"predecessor-version":[{"id":8312,"href":"https:\/\/prefeitura.santarosa.rs.gov.br\/index.php?rest_route=\/wp\/v2\/posts\/8309\/revisions\/8312"}],"wp:featuredmedia":[{"embeddable":true,"href":"https:\/\/prefeitura.santarosa.rs.gov.br\/index.php?rest_route=\/wp\/v2\/media\/8311"}],"wp:attachment":[{"href":"https:\/\/prefeitura.santarosa.rs.gov.br\/index.php?rest_route=%2Fwp%2Fv2%2Fmedia&parent=8309"}],"wp:term":[{"taxonomy":"category","embeddable":true,"href":"https:\/\/prefeitura.santarosa.rs.gov.br\/index.php?rest_route=%2Fwp%2Fv2%2Fcategories&post=8309"},{"taxonomy":"post_tag","embeddable":true,"href":"https:\/\/prefeitura.santarosa.rs.gov.br\/index.php?rest_route=%2Fwp%2Fv2%2Ftags&post=8309"}],"curies":[{"name":"wp","href":"https:\/\/api.w.org\/{rel}","templated":true}]}}