{"id":827,"date":"2021-10-06T07:59:00","date_gmt":"2021-10-06T10:59:00","guid":{"rendered":"https:\/\/prefeitura.santarosa.rs.gov.br\/?p=827"},"modified":"2024-10-07T09:54:43","modified_gmt":"2024-10-07T12:54:43","slug":"santa-rosa-ja-aplicou-mais-de-100-mil-doses-contra-a-covid-19","status":"publish","type":"post","link":"https:\/\/prefeitura.santarosa.rs.gov.br\/?p=827","title":{"rendered":"Santa Rosa j\u00e1 aplicou mais de 100 mil doses contra a COVID-19"},"content":{"rendered":"\n<p>Os dados s\u00e3o do \u00faltimo informativo da campanha divulgado nesta ter\u00e7a-feira (05). Os registros est\u00e3o de acordo com os dados fornecidos pela SES\/RS.<\/p>\n\n\n\n<p>A Funda\u00e7\u00e3o Municipal de Sa\u00fade de Santa Rosa j\u00e1 aplicou 100.083 doses contra a COVID-19. Do total, 56.761 foram de D1 (Primeira Dose), essa quantidade corresponde a 77,4% da popula\u00e7\u00e3o vacinada, 40.503 foram de D2 (Segunda Dose) e 2.260 de D.U (Dose \u00danica), sendo assim temos 42.763 pessoas com a imuniza\u00e7\u00e3o completa, 58,3% dos santa-rosenses. Al\u00e9m disso, j\u00e1 foram aplicadas tamb\u00e9m, 559 Doses de Refor\u00e7o (DR). Os dados s\u00e3o do \u00faltimo informativo da campanha divulgado nesta ter\u00e7a-feira (05). Os registros est\u00e3o de acordo com os dados fornecidos pela SES\/RS.<br><br>A vacina\u00e7\u00e3o segue para pessoas a partir dos 14 anos. Os jovens que forem se vacinar, precisam ir acompanhados dos pais ou respons\u00e1vel legal ou devem levar a declara\u00e7\u00e3o do participante da vacina\u00e7\u00e3o preenchida pelos pais\/respons\u00e1veis. A declara\u00e7\u00e3o \u00e9 disponibilizada pela Unidade B\u00e1sica de Sa\u00fade. Tamb\u00e9m est\u00e3o sendo realizadas as doses de refor\u00e7o em idosos acima de 60 anos que completaram o esquema vacinal das duas doses ou dose \u00fanica h\u00e1 06 meses e para pessoas com alto grau de imunossupress\u00e3o: Imunodefici\u00eancia prim\u00e1ria grave; Quimioterapia para c\u00e2ncer; Transplantados de \u00f3rg\u00e3o s\u00f3lido ou de c\u00e9lulas tronco hematopoi\u00e9ticas (TCTH) em uso de drogas imunossupressoras e Pessoas vivendo com HIV com CD4, com intervalo de 28 dias ap\u00f3s a \u00faltima dose.<br><br>As doses est\u00e3o sendo aplicadas em todas as Unidades B\u00e1sicas de Sa\u00fade, at\u00e9 terminarem os estoques. O atendimento \u00e9 mediante agendamento pr\u00e9vio por telefone ou presencial, ou conforme o gerenciamento de cada UBS. Os moradores de Santa Rosa que forem se vacinar precisam levar documento com foto, CPF, cart\u00e3o SUS e caderneta de vacina\u00e7\u00e3o.<\/p>\n","protected":false},"excerpt":{"rendered":"<p>Os dados s\u00e3o do \u00faltimo informativo da campanha divulgado nesta ter\u00e7a-feira (05). Os registros est\u00e3o de acordo com os dados<\/p>\n","protected":false},"author":3,"featured_media":828,"comment_status":"open","ping_status":"open","sticky":false,"template":"","format":"standard","meta":{"footnotes":""},"categories":[6,4,8],"tags":[],"class_list":["post-827","post","type-post","status-publish","format-standard","has-post-thumbnail","hentry","category-covid-19","category-noticias","category-noticias-fumssar"],"aioseo_notices":[],"_links":{"self":[{"href":"https:\/\/prefeitura.santarosa.rs.gov.br\/index.php?rest_route=\/wp\/v2\/posts\/827","targetHints":{"allow":["GET"]}}],"collection":[{"href":"https:\/\/prefeitura.santarosa.rs.gov.br\/index.php?rest_route=\/wp\/v2\/posts"}],"about":[{"href":"https:\/\/prefeitura.santarosa.rs.gov.br\/index.php?rest_route=\/wp\/v2\/types\/post"}],"author":[{"embeddable":true,"href":"https:\/\/prefeitura.santarosa.rs.gov.br\/index.php?rest_route=\/wp\/v2\/users\/3"}],"replies":[{"embeddable":true,"href":"https:\/\/prefeitura.santarosa.rs.gov.br\/index.php?rest_route=%2Fwp%2Fv2%2Fcomments&post=827"}],"version-history":[{"count":1,"href":"https:\/\/prefeitura.santarosa.rs.gov.br\/index.php?rest_route=\/wp\/v2\/posts\/827\/revisions"}],"predecessor-version":[{"id":829,"href":"https:\/\/prefeitura.santarosa.rs.gov.br\/index.php?rest_route=\/wp\/v2\/posts\/827\/revisions\/829"}],"wp:featuredmedia":[{"embeddable":true,"href":"https:\/\/prefeitura.santarosa.rs.gov.br\/index.php?rest_route=\/wp\/v2\/media\/828"}],"wp:attachment":[{"href":"https:\/\/prefeitura.santarosa.rs.gov.br\/index.php?rest_route=%2Fwp%2Fv2%2Fmedia&parent=827"}],"wp:term":[{"taxonomy":"category","embeddable":true,"href":"https:\/\/prefeitura.santarosa.rs.gov.br\/index.php?rest_route=%2Fwp%2Fv2%2Fcategories&post=827"},{"taxonomy":"post_tag","embeddable":true,"href":"https:\/\/prefeitura.santarosa.rs.gov.br\/index.php?rest_route=%2Fwp%2Fv2%2Ftags&post=827"}],"curies":[{"name":"wp","href":"https:\/\/api.w.org\/{rel}","templated":true}]}}