{"id":8223,"date":"2023-09-19T14:59:34","date_gmt":"2023-09-19T17:59:34","guid":{"rendered":"https:\/\/prefeitura.santarosa.rs.gov.br\/?p=8223"},"modified":"2024-10-07T09:52:50","modified_gmt":"2024-10-07T12:52:50","slug":"mais-de-r-8-milhoes-investidos-no-bairro-central","status":"publish","type":"post","link":"https:\/\/prefeitura.santarosa.rs.gov.br\/?p=8223","title":{"rendered":"<strong>Mais de R$ 8 milh\u00f5es investidos no bairro Central<\/strong>"},"content":{"rendered":"\n<figure class=\"wp-block-image size-full\"><img fetchpriority=\"high\" decoding=\"async\" width=\"860\" height=\"645\" src=\"https:\/\/prefeitura.santarosa.rs.gov.br\/wp-content\/uploads\/2023\/09\/Formato-Site-e-Portal-860X645-JPG-2023-09-19T145800.817.jpg\" alt=\"\" class=\"wp-image-8224\" srcset=\"https:\/\/prefeitura.santarosa.rs.gov.br\/wp-content\/uploads\/2023\/09\/Formato-Site-e-Portal-860X645-JPG-2023-09-19T145800.817.jpg 860w, https:\/\/prefeitura.santarosa.rs.gov.br\/wp-content\/uploads\/2023\/09\/Formato-Site-e-Portal-860X645-JPG-2023-09-19T145800.817-300x225.jpg 300w, https:\/\/prefeitura.santarosa.rs.gov.br\/wp-content\/uploads\/2023\/09\/Formato-Site-e-Portal-860X645-JPG-2023-09-19T145800.817-768x576.jpg 768w\" sizes=\"(max-width: 860px) 100vw, 860px\" \/><\/figure>\n\n\n\n<p>Todas as localidades de Santa Rosa est\u00e3o sendo contempladas com melhorias na infraestrutura. No bairro Central, desde o in\u00edcio do governo, j\u00e1 s\u00e3o mais de R$ 8 milh\u00f5es em investimentos na regi\u00e3o, entre obras conclu\u00eddas e em execu\u00e7\u00e3o.<\/p>\n\n\n\n<p>Entre as melhorias realizadas no bairro Central, est\u00e3o os projetos de pavimenta\u00e7\u00e3o asf\u00e1ltica, cal\u00e7amento, reforma de escolas, revitaliza\u00e7\u00e3o de pra\u00e7as, entre outras a\u00e7\u00f5es. Um dos servi\u00e7os conclu\u00eddos recentemente, \u00e9 o asfalto da Rua Taquara. No local, tamb\u00e9m foram realizados os servi\u00e7os complementares de drenagem, meio fio e sarjeta de concreto, sinaliza\u00e7\u00e3o horizontal e vertical, nivelamento das tampas da Corsan e execu\u00e7\u00e3o de rampas de acessibilidade. O Vice-Prefeito Aldemir Ulrich e a Diretora de Capta\u00e7\u00e3o de Recursos, Caliandra Perini, vistoriaram a conclus\u00e3o da obra, \u201cEstamos trabalhando incansavelmente para levar mais qualidade de vida para a popula\u00e7\u00e3o. O bairro Central tem recebido diversas melhorias na infraestrutura que v\u00e3o facilitar o tr\u00e1fego de ve\u00edculos e melhorar a mobilidade urbana do munic\u00edpio\u201d.<\/p>\n\n\n\n<p>Ao todo, foram investidos na obra da R. Taquara, R$ 190.696,09.<\/p>\n","protected":false},"excerpt":{"rendered":"<p>Todas as localidades de Santa Rosa est\u00e3o sendo contempladas com melhorias na infraestrutura. No bairro Central, desde o in\u00edcio do<\/p>\n","protected":false},"author":6,"featured_media":8225,"comment_status":"closed","ping_status":"closed","sticky":false,"template":"","format":"standard","meta":{"footnotes":""},"categories":[4,22],"tags":[],"class_list":["post-8223","post","type-post","status-publish","format-standard","has-post-thumbnail","hentry","category-noticias","category-secretaria-municipal-de-planejamento-e-habitacao"],"aioseo_notices":[],"_links":{"self":[{"href":"https:\/\/prefeitura.santarosa.rs.gov.br\/index.php?rest_route=\/wp\/v2\/posts\/8223","targetHints":{"allow":["GET"]}}],"collection":[{"href":"https:\/\/prefeitura.santarosa.rs.gov.br\/index.php?rest_route=\/wp\/v2\/posts"}],"about":[{"href":"https:\/\/prefeitura.santarosa.rs.gov.br\/index.php?rest_route=\/wp\/v2\/types\/post"}],"author":[{"embeddable":true,"href":"https:\/\/prefeitura.santarosa.rs.gov.br\/index.php?rest_route=\/wp\/v2\/users\/6"}],"replies":[{"embeddable":true,"href":"https:\/\/prefeitura.santarosa.rs.gov.br\/index.php?rest_route=%2Fwp%2Fv2%2Fcomments&post=8223"}],"version-history":[{"count":1,"href":"https:\/\/prefeitura.santarosa.rs.gov.br\/index.php?rest_route=\/wp\/v2\/posts\/8223\/revisions"}],"predecessor-version":[{"id":8226,"href":"https:\/\/prefeitura.santarosa.rs.gov.br\/index.php?rest_route=\/wp\/v2\/posts\/8223\/revisions\/8226"}],"wp:featuredmedia":[{"embeddable":true,"href":"https:\/\/prefeitura.santarosa.rs.gov.br\/index.php?rest_route=\/wp\/v2\/media\/8225"}],"wp:attachment":[{"href":"https:\/\/prefeitura.santarosa.rs.gov.br\/index.php?rest_route=%2Fwp%2Fv2%2Fmedia&parent=8223"}],"wp:term":[{"taxonomy":"category","embeddable":true,"href":"https:\/\/prefeitura.santarosa.rs.gov.br\/index.php?rest_route=%2Fwp%2Fv2%2Fcategories&post=8223"},{"taxonomy":"post_tag","embeddable":true,"href":"https:\/\/prefeitura.santarosa.rs.gov.br\/index.php?rest_route=%2Fwp%2Fv2%2Ftags&post=8223"}],"curies":[{"name":"wp","href":"https:\/\/api.w.org\/{rel}","templated":true}]}}