{"id":8215,"date":"2023-09-18T16:37:52","date_gmt":"2023-09-18T19:37:52","guid":{"rendered":"https:\/\/prefeitura.santarosa.rs.gov.br\/?p=8215"},"modified":"2024-10-07T09:52:50","modified_gmt":"2024-10-07T12:52:50","slug":"obrigado-santa-rosa","status":"publish","type":"post","link":"https:\/\/prefeitura.santarosa.rs.gov.br\/?p=8215","title":{"rendered":"<strong>Obrigado Santa Rosa!<\/strong>"},"content":{"rendered":"\n<figure class=\"wp-block-image size-full\"><img fetchpriority=\"high\" decoding=\"async\" width=\"860\" height=\"645\" src=\"https:\/\/prefeitura.santarosa.rs.gov.br\/wp-content\/uploads\/2023\/09\/Formato-Site-e-Portal-860X645-JPG-2023-09-18T163158.125-1.jpg\" alt=\"\" class=\"wp-image-8216\" srcset=\"https:\/\/prefeitura.santarosa.rs.gov.br\/wp-content\/uploads\/2023\/09\/Formato-Site-e-Portal-860X645-JPG-2023-09-18T163158.125-1.jpg 860w, https:\/\/prefeitura.santarosa.rs.gov.br\/wp-content\/uploads\/2023\/09\/Formato-Site-e-Portal-860X645-JPG-2023-09-18T163158.125-1-300x225.jpg 300w, https:\/\/prefeitura.santarosa.rs.gov.br\/wp-content\/uploads\/2023\/09\/Formato-Site-e-Portal-860X645-JPG-2023-09-18T163158.125-1-768x576.jpg 768w\" sizes=\"(max-width: 860px) 100vw, 860px\" \/><\/figure>\n\n\n\n<p>O Governo Municipal agradece a todos que doaram itens para a Campanha Santa Rosa unida pelo Vale do Taquari. Na \u00faltima quinta-feira (14), foi realizada uma a\u00e7\u00e3o em parceria com o 19\u00ba RC MEC, que arrecadou donativos em todos os bairros da cidade. Os materiais coletados foram encaminhados para um pavilh\u00e3o no Parque de Exposi\u00e7\u00f5es Alfredo Leandro Carlson.<\/p>\n\n\n\n<p>Uma comiss\u00e3o formada por integrantes das For\u00e7as de Seguran\u00e7a P\u00fablica e coordenada pela Secretaria de Desenvolvimento Social est\u00e1 fazendo os encaminhamentos, conforme demanda solicitada pela Defesa Civil de Santo \u00c2ngelo, que est\u00e1 realizando as destina\u00e7\u00f5es finais aos munic\u00edpios afetados pelas enchentes no Rio Grande do Sul. As pessoas que ainda tiverem doa\u00e7\u00f5es de alimentos e roupas, podem no momento, encaminhar estes itens para a Secretaria de Desenvolvimento Social.<\/p>\n","protected":false},"excerpt":{"rendered":"<p>O Governo Municipal agradece a todos que doaram itens para a Campanha Santa Rosa unida pelo Vale do Taquari. Na<\/p>\n","protected":false},"author":6,"featured_media":8212,"comment_status":"closed","ping_status":"closed","sticky":false,"template":"","format":"standard","meta":{"footnotes":""},"categories":[4,17],"tags":[],"class_list":["post-8215","post","type-post","status-publish","format-standard","has-post-thumbnail","hentry","category-noticias","category-secretaria-municipal-de-desenvolvimento-social"],"aioseo_notices":[],"_links":{"self":[{"href":"https:\/\/prefeitura.santarosa.rs.gov.br\/index.php?rest_route=\/wp\/v2\/posts\/8215","targetHints":{"allow":["GET"]}}],"collection":[{"href":"https:\/\/prefeitura.santarosa.rs.gov.br\/index.php?rest_route=\/wp\/v2\/posts"}],"about":[{"href":"https:\/\/prefeitura.santarosa.rs.gov.br\/index.php?rest_route=\/wp\/v2\/types\/post"}],"author":[{"embeddable":true,"href":"https:\/\/prefeitura.santarosa.rs.gov.br\/index.php?rest_route=\/wp\/v2\/users\/6"}],"replies":[{"embeddable":true,"href":"https:\/\/prefeitura.santarosa.rs.gov.br\/index.php?rest_route=%2Fwp%2Fv2%2Fcomments&post=8215"}],"version-history":[{"count":1,"href":"https:\/\/prefeitura.santarosa.rs.gov.br\/index.php?rest_route=\/wp\/v2\/posts\/8215\/revisions"}],"predecessor-version":[{"id":8217,"href":"https:\/\/prefeitura.santarosa.rs.gov.br\/index.php?rest_route=\/wp\/v2\/posts\/8215\/revisions\/8217"}],"wp:featuredmedia":[{"embeddable":true,"href":"https:\/\/prefeitura.santarosa.rs.gov.br\/index.php?rest_route=\/wp\/v2\/media\/8212"}],"wp:attachment":[{"href":"https:\/\/prefeitura.santarosa.rs.gov.br\/index.php?rest_route=%2Fwp%2Fv2%2Fmedia&parent=8215"}],"wp:term":[{"taxonomy":"category","embeddable":true,"href":"https:\/\/prefeitura.santarosa.rs.gov.br\/index.php?rest_route=%2Fwp%2Fv2%2Fcategories&post=8215"},{"taxonomy":"post_tag","embeddable":true,"href":"https:\/\/prefeitura.santarosa.rs.gov.br\/index.php?rest_route=%2Fwp%2Fv2%2Ftags&post=8215"}],"curies":[{"name":"wp","href":"https:\/\/api.w.org\/{rel}","templated":true}]}}