{"id":8202,"date":"2023-09-15T08:57:00","date_gmt":"2023-09-15T11:57:00","guid":{"rendered":"https:\/\/prefeitura.santarosa.rs.gov.br\/?p=8202"},"modified":"2024-10-07T09:52:50","modified_gmt":"2024-10-07T12:52:50","slug":"hortigranjeiros-celebra-resultados-e-anuncia-novo-comando","status":"publish","type":"post","link":"https:\/\/prefeitura.santarosa.rs.gov.br\/?p=8202","title":{"rendered":"Hortigranjeiros celebra resultados e anuncia novo comando"},"content":{"rendered":"\n<figure class=\"wp-block-image size-full\"><img fetchpriority=\"high\" decoding=\"async\" width=\"860\" height=\"645\" src=\"https:\/\/prefeitura.santarosa.rs.gov.br\/wp-content\/uploads\/2023\/09\/Formato-Site-e-Portal-860X645-JPG-2023-09-18T085351.958.jpg\" alt=\"\" class=\"wp-image-8203\" srcset=\"https:\/\/prefeitura.santarosa.rs.gov.br\/wp-content\/uploads\/2023\/09\/Formato-Site-e-Portal-860X645-JPG-2023-09-18T085351.958.jpg 860w, https:\/\/prefeitura.santarosa.rs.gov.br\/wp-content\/uploads\/2023\/09\/Formato-Site-e-Portal-860X645-JPG-2023-09-18T085351.958-300x225.jpg 300w, https:\/\/prefeitura.santarosa.rs.gov.br\/wp-content\/uploads\/2023\/09\/Formato-Site-e-Portal-860X645-JPG-2023-09-18T085351.958-768x576.jpg 768w\" sizes=\"(max-width: 860px) 100vw, 860px\" \/><\/figure>\n\n\n\n<p><br>Um encontro de confraterniza\u00e7\u00e3o celebrou os resultados do 34\u00ba Encontro Estadual de Hortigranjeiros, nesta\u00a0quinta-feira (14\/09), em Santa Rosa. A feira, que aconteceu de 9 a\u00a013 de agosto, levou mais de 170 mil pessoas ao Parque de Exposi\u00e7\u00f5es Alfredo Leandro Carlson e movimentou 123,790 milh\u00f5es em neg\u00f3cios.\u00a0O Encontro Estadual de Hortigranjeiros \u00e9 uma promo\u00e7\u00e3o da Prefeitura de Santa Rosa, Emater\/RS-Ascar e Associa\u00e7\u00e3o dos Produtores de Hortigranjeiros de Santa Rosa e em 2023 comemorou 40 anos de hist\u00f3ria.\u00a0<\/p>\n\n\n\n<p><br>O presidente da 34\u00aa edi\u00e7\u00e3o da feira, Marcos Eduardo Servat, destacou a import\u00e2ncia do engajamento dos 184 volunt\u00e1rios que se empenharam na organiza\u00e7\u00e3o, que juntamente com os patrocinadores, apoiadores e promotores do evento, fizeram desta uma feira hist\u00f3rica. Tamb\u00e9m foram 608 expositores de diferentes \u00e1reas prestigiados por 171 mil visitantes. Com os resultados do Hortigranjeiros, comemorou-se o super\u00e1vit de R$ 606.386,60, sendo que parte deste valor ser\u00e1 revertido para melhorias permanentes no Parque de Exposi\u00e7\u00f5es, beneficiando a toda a comunidade.\u00a0<\/p>\n\n\n\n<p><br>O prefeito de Santa Rosa, Anderson Mantei, homenageado pela sua dedica\u00e7\u00e3o, reconheceu o envolvimento de todos que tornaram a feira um sucesso, se empenharam para que tudo ocorresse a contento.\u00a0<br>J\u00e1 a gerente regional adjunta da Emater\/RS-Ascar, Iv\u00e2nia Polaczisnki, afirmou que o evento \u00e9 feito por muitas m\u00e3os e a Institui\u00e7\u00e3o se orgulha em poder fazer parte desta hist\u00f3ria junto com outros parceiros.\u00a0\u00a0<\/p>\n\n\n\n<p><br>Em nome da Aprhorosa, o vice-presidente Juca Batista, destacou que os cinco dias da feira foram de muitos elogios e emo\u00e7\u00e3o gra\u00e7as ao empenho de todos que organizaram a feira.\u00a0Na oportunidade foram homenageados tamb\u00e9m o vice-presidente do 34\u00ba Hortigranjeiros, Euclides Spies, e o coordenador geral V\u00e2nio Heimerdinger, pelo trabalho dedicado realizado. \u201cO voluntariado \u00e9 uma experi\u00eancia que vale muito, especialmente quando constru\u00eddos com um time que faz acontecer como o que organizou o Hortigranjeiros. Tenho a convic\u00e7\u00e3o que temos muitas lideran\u00e7as que t\u00eam condi\u00e7\u00f5es de fazer um evento cada vez mais fortalecido\u201d, afirmou Spies.\u00a0<\/p>\n\n\n\n<p><br><strong>Comando do 35\u00ba Hortigranjeiros\u00a0<\/strong>Em decreto assinado pelo Prefeito de Santa Rosa, Anderson Mantei, foram empossados como presidente e vice-presidente da 35\u00aa edi\u00e7\u00e3o do Encontro Estadual de Hortigranjeiros, Ester Seide e Lu\u00eds Carlos Frey, respectivamente.\u00a0Ester, que tamb\u00e9m \u00e9 presidente da Aprhorosa agradeceu afirmando que vai se buscar seguir o legado de quem construiu o Hortigranjeiros at\u00e9 o momento, valorizando a ess\u00eancia voltada ao produtor e ao mesmo tempo buscando sempre evoluir.\u00a0<br>Lu\u00eds Carlos Frey, vice-presidente da pr\u00f3xima edi\u00e7\u00e3o, \u00e9 filho de produtor de hortigranjeiros do Mercado P\u00fablico de Santa Rosa e profissional da \u00e1rea de comunica\u00e7\u00e3o.<\/p>\n","protected":false},"excerpt":{"rendered":"<p>Um encontro de confraterniza\u00e7\u00e3o celebrou os resultados do 34\u00ba Encontro Estadual de Hortigranjeiros, nesta\u00a0quinta-feira (14\/09), em Santa Rosa. A feira,<\/p>\n","protected":false},"author":5,"featured_media":8203,"comment_status":"open","ping_status":"open","sticky":false,"template":"","format":"standard","meta":{"footnotes":""},"categories":[4,3],"tags":[],"class_list":["post-8202","post","type-post","status-publish","format-standard","has-post-thumbnail","hentry","category-noticias","category-gabinete-do-prefeito"],"aioseo_notices":[],"_links":{"self":[{"href":"https:\/\/prefeitura.santarosa.rs.gov.br\/index.php?rest_route=\/wp\/v2\/posts\/8202","targetHints":{"allow":["GET"]}}],"collection":[{"href":"https:\/\/prefeitura.santarosa.rs.gov.br\/index.php?rest_route=\/wp\/v2\/posts"}],"about":[{"href":"https:\/\/prefeitura.santarosa.rs.gov.br\/index.php?rest_route=\/wp\/v2\/types\/post"}],"author":[{"embeddable":true,"href":"https:\/\/prefeitura.santarosa.rs.gov.br\/index.php?rest_route=\/wp\/v2\/users\/5"}],"replies":[{"embeddable":true,"href":"https:\/\/prefeitura.santarosa.rs.gov.br\/index.php?rest_route=%2Fwp%2Fv2%2Fcomments&post=8202"}],"version-history":[{"count":1,"href":"https:\/\/prefeitura.santarosa.rs.gov.br\/index.php?rest_route=\/wp\/v2\/posts\/8202\/revisions"}],"predecessor-version":[{"id":8204,"href":"https:\/\/prefeitura.santarosa.rs.gov.br\/index.php?rest_route=\/wp\/v2\/posts\/8202\/revisions\/8204"}],"wp:featuredmedia":[{"embeddable":true,"href":"https:\/\/prefeitura.santarosa.rs.gov.br\/index.php?rest_route=\/wp\/v2\/media\/8203"}],"wp:attachment":[{"href":"https:\/\/prefeitura.santarosa.rs.gov.br\/index.php?rest_route=%2Fwp%2Fv2%2Fmedia&parent=8202"}],"wp:term":[{"taxonomy":"category","embeddable":true,"href":"https:\/\/prefeitura.santarosa.rs.gov.br\/index.php?rest_route=%2Fwp%2Fv2%2Fcategories&post=8202"},{"taxonomy":"post_tag","embeddable":true,"href":"https:\/\/prefeitura.santarosa.rs.gov.br\/index.php?rest_route=%2Fwp%2Fv2%2Ftags&post=8202"}],"curies":[{"name":"wp","href":"https:\/\/api.w.org\/{rel}","templated":true}]}}