{"id":8145,"date":"2023-09-11T14:03:08","date_gmt":"2023-09-11T17:03:08","guid":{"rendered":"https:\/\/prefeitura.santarosa.rs.gov.br\/?p=8145"},"modified":"2024-10-07T09:52:50","modified_gmt":"2024-10-07T12:52:50","slug":"abertura-da-semana-farroupilha-ocorreu-neste-domingo-em-santa-rosa","status":"publish","type":"post","link":"https:\/\/prefeitura.santarosa.rs.gov.br\/?p=8145","title":{"rendered":"<strong>Abertura da Semana Farroupilha ocorreu neste domingo em Santa Rosa<\/strong>"},"content":{"rendered":"\n<figure class=\"wp-block-image size-full\"><img fetchpriority=\"high\" decoding=\"async\" width=\"860\" height=\"645\" src=\"https:\/\/prefeitura.santarosa.rs.gov.br\/wp-content\/uploads\/2023\/09\/Formato-Site-e-Portal-860X645-JPG-2023-09-11T140218.539.jpg\" alt=\"\" class=\"wp-image-8146\" srcset=\"https:\/\/prefeitura.santarosa.rs.gov.br\/wp-content\/uploads\/2023\/09\/Formato-Site-e-Portal-860X645-JPG-2023-09-11T140218.539.jpg 860w, https:\/\/prefeitura.santarosa.rs.gov.br\/wp-content\/uploads\/2023\/09\/Formato-Site-e-Portal-860X645-JPG-2023-09-11T140218.539-300x225.jpg 300w, https:\/\/prefeitura.santarosa.rs.gov.br\/wp-content\/uploads\/2023\/09\/Formato-Site-e-Portal-860X645-JPG-2023-09-11T140218.539-768x576.jpg 768w\" sizes=\"(max-width: 860px) 100vw, 860px\" \/><\/figure>\n\n\n\n<p>O domingo (10), marcou o in\u00edcio da Semana Farroupilha em Santa Rosa. A abertura oficial foi realizada durante o evento Domingueira Farroupilha, promovido pela prefeitura, atrav\u00e9s da Secret\u00e1ria de Educa\u00e7\u00e3o e Cultura, Centros de Tradi\u00e7\u00f5es Ga\u00fachas &#8211; CTGs e Brigada Militar. A a\u00e7\u00e3o ocorreu no Parque de Exposi\u00e7\u00f5es Alfredo Leandro Carlson e contou com diversas atra\u00e7\u00f5es e apresenta\u00e7\u00f5es culturais. Na oportunidade, aconteceu tamb\u00e9m, a recep\u00e7\u00e3o e distribui\u00e7\u00e3o da Chama Crioula para as entidades tradicionalistas do munic\u00edpio.<\/p>\n\n\n\n<p>Dentre as atividades, autoridades e representantes de CTGs entregaram Certificados de M\u00e9rito Farroupilha para alguns homenageados. A Chama Crioula foi trazida de Porto Xavier para Santa Rosa, por um grupo de cavalarianos liderados por Fernando Benites do CTG Chama Crioula. Na solenidade, a centelha foi entregue ao casal, Ant\u00f4nio Ailton Torres de Paula e C\u00e9lia Denise Goral de Paula, Patronos da Semana Farroupilha 2023 e ao Vice-Prefeito Aldemir Ulrich, para o acendimento do Candeeiro Crioulo. \u201cEste \u00e9 o momento de mais uma vez, valorizarmos nossa cultura e as nossas tradi\u00e7\u00f5es. Temos orgulho do nosso Estado e das pessoas que vivem aqui. S\u00e3o valores muito importantes e que representam toda a hist\u00f3ria do povo ga\u00facho\u201d, destacou Aldemir.<\/p>\n\n\n\n<p>As autoridades realizaram a entrega da Chama Crioula para os representantes dos CTGs e piquetes, que levaram a centelha para os diversos Centros Tradicionalistas de Santa Rosa. Neste ano, o tema dos Festejos Farroupilhas \u00e9: \u201cCenten\u00e1rio &#8211; Revolu\u00e7\u00e3o de 1923\u201d.<\/p>\n","protected":false},"excerpt":{"rendered":"<p>O domingo (10), marcou o in\u00edcio da Semana Farroupilha em Santa Rosa. A abertura oficial foi realizada durante o evento<\/p>\n","protected":false},"author":6,"featured_media":8147,"comment_status":"closed","ping_status":"closed","sticky":false,"template":"","format":"standard","meta":{"footnotes":""},"categories":[4,18],"tags":[],"class_list":["post-8145","post","type-post","status-publish","format-standard","has-post-thumbnail","hentry","category-noticias","category-secretaria-municipal-de-educacao-e-cultura"],"aioseo_notices":[],"_links":{"self":[{"href":"https:\/\/prefeitura.santarosa.rs.gov.br\/index.php?rest_route=\/wp\/v2\/posts\/8145","targetHints":{"allow":["GET"]}}],"collection":[{"href":"https:\/\/prefeitura.santarosa.rs.gov.br\/index.php?rest_route=\/wp\/v2\/posts"}],"about":[{"href":"https:\/\/prefeitura.santarosa.rs.gov.br\/index.php?rest_route=\/wp\/v2\/types\/post"}],"author":[{"embeddable":true,"href":"https:\/\/prefeitura.santarosa.rs.gov.br\/index.php?rest_route=\/wp\/v2\/users\/6"}],"replies":[{"embeddable":true,"href":"https:\/\/prefeitura.santarosa.rs.gov.br\/index.php?rest_route=%2Fwp%2Fv2%2Fcomments&post=8145"}],"version-history":[{"count":1,"href":"https:\/\/prefeitura.santarosa.rs.gov.br\/index.php?rest_route=\/wp\/v2\/posts\/8145\/revisions"}],"predecessor-version":[{"id":8148,"href":"https:\/\/prefeitura.santarosa.rs.gov.br\/index.php?rest_route=\/wp\/v2\/posts\/8145\/revisions\/8148"}],"wp:featuredmedia":[{"embeddable":true,"href":"https:\/\/prefeitura.santarosa.rs.gov.br\/index.php?rest_route=\/wp\/v2\/media\/8147"}],"wp:attachment":[{"href":"https:\/\/prefeitura.santarosa.rs.gov.br\/index.php?rest_route=%2Fwp%2Fv2%2Fmedia&parent=8145"}],"wp:term":[{"taxonomy":"category","embeddable":true,"href":"https:\/\/prefeitura.santarosa.rs.gov.br\/index.php?rest_route=%2Fwp%2Fv2%2Fcategories&post=8145"},{"taxonomy":"post_tag","embeddable":true,"href":"https:\/\/prefeitura.santarosa.rs.gov.br\/index.php?rest_route=%2Fwp%2Fv2%2Ftags&post=8145"}],"curies":[{"name":"wp","href":"https:\/\/api.w.org\/{rel}","templated":true}]}}