{"id":8141,"date":"2023-09-08T15:03:57","date_gmt":"2023-09-08T18:03:57","guid":{"rendered":"https:\/\/prefeitura.santarosa.rs.gov.br\/?p=8141"},"modified":"2024-10-07T09:52:50","modified_gmt":"2024-10-07T12:52:50","slug":"prefeitura-realiza-curso-de-processamento-de-frutas","status":"publish","type":"post","link":"https:\/\/prefeitura.santarosa.rs.gov.br\/?p=8141","title":{"rendered":"Prefeitura realiza Curso de Processamento de Frutas"},"content":{"rendered":"\n<figure class=\"wp-block-image size-full\"><img fetchpriority=\"high\" decoding=\"async\" width=\"860\" height=\"645\" src=\"https:\/\/prefeitura.santarosa.rs.gov.br\/wp-content\/uploads\/2023\/09\/Formato-Site-e-Portal-860X645-JPG-2023-09-08T141851.421.jpg\" alt=\"\" class=\"wp-image-8142\" srcset=\"https:\/\/prefeitura.santarosa.rs.gov.br\/wp-content\/uploads\/2023\/09\/Formato-Site-e-Portal-860X645-JPG-2023-09-08T141851.421.jpg 860w, https:\/\/prefeitura.santarosa.rs.gov.br\/wp-content\/uploads\/2023\/09\/Formato-Site-e-Portal-860X645-JPG-2023-09-08T141851.421-300x225.jpg 300w, https:\/\/prefeitura.santarosa.rs.gov.br\/wp-content\/uploads\/2023\/09\/Formato-Site-e-Portal-860X645-JPG-2023-09-08T141851.421-768x576.jpg 768w\" sizes=\"(max-width: 860px) 100vw, 860px\" \/><\/figure>\n\n\n\n<p><br>A Prefeitura de Santa Rosa atrav\u00e9s da Secretaria de Agricultura realizou no munic\u00edpio, um Curso de Processamento de Frutas. A a\u00e7\u00e3o ocorreu em parceria com o Servi\u00e7o Nacional de Aprendizagem Rural &#8211; SENAR, que disponibilizou um instrutor para dar as aulas. O curso aconteceu na comunidade do Lajeado Pessegueiro.<\/p>\n\n\n\n<p><br>O curso de Processamento de Frutas ensina o preparo e a conserva\u00e7\u00e3o de doces, compotas, sucos e geleias de frutas, para consumo pr\u00f3prio ou comercializa\u00e7\u00e3o, focados na legisla\u00e7\u00e3o espec\u00edfica. O T\u00e9cnico Agr\u00edcola, Gustavo Traczynski Cervi, destacou os benef\u00edcios da atividade, \u201cO objetivo \u00e9 atrav\u00e9s desta capacita\u00e7\u00e3o, fornecer mais uma ferramenta para o aumento da renda destas fam\u00edlias\u201d. A a\u00e7\u00e3o contou com o apoio da Cooperativa Cresol e do Sindicato Rural. A forma\u00e7\u00e3o teve carga hor\u00e1ria de 24 horas e todas as participantes receberam um certificado de conclus\u00e3o.<\/p>\n","protected":false},"excerpt":{"rendered":"<p>A Prefeitura de Santa Rosa atrav\u00e9s da Secretaria de Agricultura realizou no munic\u00edpio, um Curso de Processamento de Frutas. A<\/p>\n","protected":false},"author":5,"featured_media":8142,"comment_status":"open","ping_status":"open","sticky":false,"template":"","format":"standard","meta":{"footnotes":""},"categories":[4,14],"tags":[],"class_list":["post-8141","post","type-post","status-publish","format-standard","has-post-thumbnail","hentry","category-noticias","category-secretaria-municipal-de-agricultura"],"aioseo_notices":[],"_links":{"self":[{"href":"https:\/\/prefeitura.santarosa.rs.gov.br\/index.php?rest_route=\/wp\/v2\/posts\/8141","targetHints":{"allow":["GET"]}}],"collection":[{"href":"https:\/\/prefeitura.santarosa.rs.gov.br\/index.php?rest_route=\/wp\/v2\/posts"}],"about":[{"href":"https:\/\/prefeitura.santarosa.rs.gov.br\/index.php?rest_route=\/wp\/v2\/types\/post"}],"author":[{"embeddable":true,"href":"https:\/\/prefeitura.santarosa.rs.gov.br\/index.php?rest_route=\/wp\/v2\/users\/5"}],"replies":[{"embeddable":true,"href":"https:\/\/prefeitura.santarosa.rs.gov.br\/index.php?rest_route=%2Fwp%2Fv2%2Fcomments&post=8141"}],"version-history":[{"count":1,"href":"https:\/\/prefeitura.santarosa.rs.gov.br\/index.php?rest_route=\/wp\/v2\/posts\/8141\/revisions"}],"predecessor-version":[{"id":8143,"href":"https:\/\/prefeitura.santarosa.rs.gov.br\/index.php?rest_route=\/wp\/v2\/posts\/8141\/revisions\/8143"}],"wp:featuredmedia":[{"embeddable":true,"href":"https:\/\/prefeitura.santarosa.rs.gov.br\/index.php?rest_route=\/wp\/v2\/media\/8142"}],"wp:attachment":[{"href":"https:\/\/prefeitura.santarosa.rs.gov.br\/index.php?rest_route=%2Fwp%2Fv2%2Fmedia&parent=8141"}],"wp:term":[{"taxonomy":"category","embeddable":true,"href":"https:\/\/prefeitura.santarosa.rs.gov.br\/index.php?rest_route=%2Fwp%2Fv2%2Fcategories&post=8141"},{"taxonomy":"post_tag","embeddable":true,"href":"https:\/\/prefeitura.santarosa.rs.gov.br\/index.php?rest_route=%2Fwp%2Fv2%2Ftags&post=8141"}],"curies":[{"name":"wp","href":"https:\/\/api.w.org\/{rel}","templated":true}]}}