{"id":8037,"date":"2023-08-30T11:24:54","date_gmt":"2023-08-30T14:24:54","guid":{"rendered":"https:\/\/prefeitura.santarosa.rs.gov.br\/?p=8037"},"modified":"2024-10-07T09:53:09","modified_gmt":"2024-10-07T12:53:09","slug":"prefeito-anderson-realiza-importantes-reunioes-na-capital","status":"publish","type":"post","link":"https:\/\/prefeitura.santarosa.rs.gov.br\/?p=8037","title":{"rendered":"<strong>Prefeito Anderson realiza importantes reuni\u00f5es na capital<\/strong>"},"content":{"rendered":"\n<figure class=\"wp-block-image size-full\"><img fetchpriority=\"high\" decoding=\"async\" width=\"860\" height=\"645\" src=\"https:\/\/prefeitura.santarosa.rs.gov.br\/wp-content\/uploads\/2023\/08\/Formato-Site-e-Portal-860X645-JPG-2023-08-30T112106.275.jpg\" alt=\"\" class=\"wp-image-8038\" srcset=\"https:\/\/prefeitura.santarosa.rs.gov.br\/wp-content\/uploads\/2023\/08\/Formato-Site-e-Portal-860X645-JPG-2023-08-30T112106.275.jpg 860w, https:\/\/prefeitura.santarosa.rs.gov.br\/wp-content\/uploads\/2023\/08\/Formato-Site-e-Portal-860X645-JPG-2023-08-30T112106.275-300x225.jpg 300w, https:\/\/prefeitura.santarosa.rs.gov.br\/wp-content\/uploads\/2023\/08\/Formato-Site-e-Portal-860X645-JPG-2023-08-30T112106.275-768x576.jpg 768w\" sizes=\"(max-width: 860px) 100vw, 860px\" \/><\/figure>\n\n\n\n<p>No retorno de Bras\u00edlia, onde esteve esta semana em uma Sess\u00e3o Solene em Homenagem \u00e0 Santa Rosa, o Prefeito Anderson Mantei, realizou agendas na capital. Ele esteve com a Presidente do Tribunal de Justi\u00e7a do Rio Grande do Sul, Desembargadora Iris Helena Medeiros Nogueira e tamb\u00e9m participou de import\u00e2ncia audi\u00eancia com a Corsan. O prefeito estava acompanhado dos vereadores, Rafael Rufino, Maximo Altemir Martins (Timirinho) e do Assessor da Mesa Diretora, Gilberto Leonel.<\/p>\n\n\n\n<p>Nas duas agendas, Anderson tratou de pautas para Santa Rosa. Com a desembargadora, o prefeito aproveitou para agradecer o empenho no processo de instala\u00e7\u00e3o da Vara Regional Empresarial no munic\u00edpio, ocorrida em abril deste ano. A Vara possui jurisdi\u00e7\u00e3o sobre 32 comarcas, distantes at\u00e9 200 quil\u00f4metros da sede. Esse trabalho envolve 110 cidades, o que representa mais de 20% dos munic\u00edpios do Estado, \u201cEstamos tendo importantes avan\u00e7os em todas as \u00e1reas de Santa Rosa. Nossa cidade est\u00e1 em um momento \u00edmpar de desenvolvimento e progresso e muitas coisas ainda est\u00e3o por vir nestes pr\u00f3ximos dias e meses\u201d, destacou Mantei.<\/p>\n\n\n\n<p>Ainda em Porto Alegre, ele participou de uma reuni\u00e3o na empresa Aegea (Corsan). Os santa-rosenses foram recepcionados pelo Diretor de Rela\u00e7\u00f5es Institucionais do grupo, Fabiano Dallazen. Entre os assuntos abordados, foi tratado sobre as obras de infraestrutura que est\u00e3o acontecendo em Santa Rosa, \u201cEstamos em constante contato com a diretoria da Corsan e acompanhando diariamente as a\u00e7\u00f5es que est\u00e3o sendo realizadas em Santa Rosa. Temos muitas obras previstas para a cidade, mas que dependem de sistema de esgotamento sanit\u00e1rio\u201d. Al\u00e9m disso, os gestores conversaram sobre uma importante obra de pavimenta\u00e7\u00e3o, de uma avenida do munic\u00edpio que ser\u00e1 iniciada em breve.<\/p>\n","protected":false},"excerpt":{"rendered":"<p>No retorno de Bras\u00edlia, onde esteve esta semana em uma Sess\u00e3o Solene em Homenagem \u00e0 Santa Rosa, o Prefeito Anderson<\/p>\n","protected":false},"author":6,"featured_media":8039,"comment_status":"closed","ping_status":"closed","sticky":false,"template":"","format":"standard","meta":{"footnotes":""},"categories":[4,3],"tags":[],"class_list":["post-8037","post","type-post","status-publish","format-standard","has-post-thumbnail","hentry","category-noticias","category-gabinete-do-prefeito"],"aioseo_notices":[],"_links":{"self":[{"href":"https:\/\/prefeitura.santarosa.rs.gov.br\/index.php?rest_route=\/wp\/v2\/posts\/8037","targetHints":{"allow":["GET"]}}],"collection":[{"href":"https:\/\/prefeitura.santarosa.rs.gov.br\/index.php?rest_route=\/wp\/v2\/posts"}],"about":[{"href":"https:\/\/prefeitura.santarosa.rs.gov.br\/index.php?rest_route=\/wp\/v2\/types\/post"}],"author":[{"embeddable":true,"href":"https:\/\/prefeitura.santarosa.rs.gov.br\/index.php?rest_route=\/wp\/v2\/users\/6"}],"replies":[{"embeddable":true,"href":"https:\/\/prefeitura.santarosa.rs.gov.br\/index.php?rest_route=%2Fwp%2Fv2%2Fcomments&post=8037"}],"version-history":[{"count":1,"href":"https:\/\/prefeitura.santarosa.rs.gov.br\/index.php?rest_route=\/wp\/v2\/posts\/8037\/revisions"}],"predecessor-version":[{"id":8040,"href":"https:\/\/prefeitura.santarosa.rs.gov.br\/index.php?rest_route=\/wp\/v2\/posts\/8037\/revisions\/8040"}],"wp:featuredmedia":[{"embeddable":true,"href":"https:\/\/prefeitura.santarosa.rs.gov.br\/index.php?rest_route=\/wp\/v2\/media\/8039"}],"wp:attachment":[{"href":"https:\/\/prefeitura.santarosa.rs.gov.br\/index.php?rest_route=%2Fwp%2Fv2%2Fmedia&parent=8037"}],"wp:term":[{"taxonomy":"category","embeddable":true,"href":"https:\/\/prefeitura.santarosa.rs.gov.br\/index.php?rest_route=%2Fwp%2Fv2%2Fcategories&post=8037"},{"taxonomy":"post_tag","embeddable":true,"href":"https:\/\/prefeitura.santarosa.rs.gov.br\/index.php?rest_route=%2Fwp%2Fv2%2Ftags&post=8037"}],"curies":[{"name":"wp","href":"https:\/\/api.w.org\/{rel}","templated":true}]}}