{"id":8013,"date":"2023-08-28T17:11:12","date_gmt":"2023-08-28T20:11:12","guid":{"rendered":"https:\/\/prefeitura.santarosa.rs.gov.br\/?p=8013"},"modified":"2024-10-07T09:53:09","modified_gmt":"2024-10-07T12:53:09","slug":"obras-do-parcao-estao-55-concluidas","status":"publish","type":"post","link":"https:\/\/prefeitura.santarosa.rs.gov.br\/?p=8013","title":{"rendered":"<strong>Obras do Parc\u00e3o est\u00e3o 55% conclu\u00eddas<\/strong>"},"content":{"rendered":"\n<figure class=\"wp-block-image size-full\"><img fetchpriority=\"high\" decoding=\"async\" width=\"860\" height=\"645\" src=\"https:\/\/prefeitura.santarosa.rs.gov.br\/wp-content\/uploads\/2023\/08\/Formato-Site-e-Portal-860X645-JPG-2023-08-28T170939.741.jpg\" alt=\"\" class=\"wp-image-8014\" srcset=\"https:\/\/prefeitura.santarosa.rs.gov.br\/wp-content\/uploads\/2023\/08\/Formato-Site-e-Portal-860X645-JPG-2023-08-28T170939.741.jpg 860w, https:\/\/prefeitura.santarosa.rs.gov.br\/wp-content\/uploads\/2023\/08\/Formato-Site-e-Portal-860X645-JPG-2023-08-28T170939.741-300x225.jpg 300w, https:\/\/prefeitura.santarosa.rs.gov.br\/wp-content\/uploads\/2023\/08\/Formato-Site-e-Portal-860X645-JPG-2023-08-28T170939.741-768x576.jpg 768w\" sizes=\"(max-width: 860px) 100vw, 860px\" \/><\/figure>\n\n\n\n<p>A Prefeitura de Santa Rosa est\u00e1 realizando um grande investimento de mais de R$ 2 milh\u00f5es, para o esporte no munic\u00edpio. As obras de revitaliza\u00e7\u00e3o dos espa\u00e7os esportivos do Parc\u00e3o est\u00e3o 55% conclu\u00eddas. &nbsp;O projeto contempla a reforma e amplia\u00e7\u00e3o das quadras na Pra\u00e7a 10 de agosto. O objetivo \u00e9 melhorar a infraestrutura do local para a realiza\u00e7\u00e3o de pr\u00e1ticas esportivas e de lazer.<\/p>\n\n\n\n<p>No momento, est\u00e3o sendo executados os servi\u00e7os de coloca\u00e7\u00e3o dos pisos e das instala\u00e7\u00f5es el\u00e9tricas. Ap\u00f3s as melhorias realizadas, v\u00e3o estar dispon\u00edveis para a popula\u00e7\u00e3o, quadras de basquete, v\u00f4lei, beach tennis e futebol de areia. A pra\u00e7a tamb\u00e9m vai contar com novos canteiros, bancos e lixeiras. Al\u00e9m disso, vai ser realizada a troca da ilumina\u00e7\u00e3o e a execu\u00e7\u00e3o de passeio com piso intertravado, que vai possibilitar o acesso pela Tv. Butant\u00e3 e Av. Rio Branco. O Vice-Prefeito Aldemir Ulrich, destaca que as obras v\u00e3o trazer muitos benef\u00edcios para os santa-rosenses, \u201cO interesse pelo esporte cresce cada dia mais em Santa Rosa e o Governo Municipal tem investido na revitaliza\u00e7\u00e3o e qualifica\u00e7\u00e3o dos espa\u00e7os p\u00fablicos do munic\u00edpio. S\u00e3o obras muito importantes que v\u00e3o permitir que as pr\u00e1ticas esportivas aconte\u00e7am em um local com infraestrutura adequada e segura\u201d.<\/p>\n\n\n\n<p>Est\u00e3o sendo investidos no Parc\u00e3o, R$ 2.275.150,23. A Administra\u00e7\u00e3o est\u00e1 realizando grandes investimentos para o esporte. Na \u00faltima semana, o Prefeito Anderson Mantei, anunciou que um novo Gin\u00e1sio Municipal ser\u00e1 constru\u00eddo pela Prefeitura. O local ser\u00e1 constru\u00eddo com capacidade para mais de 4 mil pessoas, sendo 2.100 sentadas. Al\u00e9m disso, o projeto contempla tamb\u00e9m quadras com as metragens exigidas para campeonatos de todas as modalidades esportivas e um espa\u00e7o amplo para shows e eventos do munic\u00edpio.<\/p>\n","protected":false},"excerpt":{"rendered":"<p>A Prefeitura de Santa Rosa est\u00e1 realizando um grande investimento de mais de R$ 2 milh\u00f5es, para o esporte no<\/p>\n","protected":false},"author":6,"featured_media":8015,"comment_status":"closed","ping_status":"closed","sticky":false,"template":"","format":"standard","meta":{"footnotes":""},"categories":[4,19,22,9],"tags":[],"class_list":["post-8013","post","type-post","status-publish","format-standard","has-post-thumbnail","hentry","category-noticias","category-secretaria-municipal-de-esporte","category-secretaria-municipal-de-planejamento-e-habitacao","category-gabinete-do-vice-prefeito"],"aioseo_notices":[],"_links":{"self":[{"href":"https:\/\/prefeitura.santarosa.rs.gov.br\/index.php?rest_route=\/wp\/v2\/posts\/8013","targetHints":{"allow":["GET"]}}],"collection":[{"href":"https:\/\/prefeitura.santarosa.rs.gov.br\/index.php?rest_route=\/wp\/v2\/posts"}],"about":[{"href":"https:\/\/prefeitura.santarosa.rs.gov.br\/index.php?rest_route=\/wp\/v2\/types\/post"}],"author":[{"embeddable":true,"href":"https:\/\/prefeitura.santarosa.rs.gov.br\/index.php?rest_route=\/wp\/v2\/users\/6"}],"replies":[{"embeddable":true,"href":"https:\/\/prefeitura.santarosa.rs.gov.br\/index.php?rest_route=%2Fwp%2Fv2%2Fcomments&post=8013"}],"version-history":[{"count":1,"href":"https:\/\/prefeitura.santarosa.rs.gov.br\/index.php?rest_route=\/wp\/v2\/posts\/8013\/revisions"}],"predecessor-version":[{"id":8016,"href":"https:\/\/prefeitura.santarosa.rs.gov.br\/index.php?rest_route=\/wp\/v2\/posts\/8013\/revisions\/8016"}],"wp:featuredmedia":[{"embeddable":true,"href":"https:\/\/prefeitura.santarosa.rs.gov.br\/index.php?rest_route=\/wp\/v2\/media\/8015"}],"wp:attachment":[{"href":"https:\/\/prefeitura.santarosa.rs.gov.br\/index.php?rest_route=%2Fwp%2Fv2%2Fmedia&parent=8013"}],"wp:term":[{"taxonomy":"category","embeddable":true,"href":"https:\/\/prefeitura.santarosa.rs.gov.br\/index.php?rest_route=%2Fwp%2Fv2%2Fcategories&post=8013"},{"taxonomy":"post_tag","embeddable":true,"href":"https:\/\/prefeitura.santarosa.rs.gov.br\/index.php?rest_route=%2Fwp%2Fv2%2Ftags&post=8013"}],"curies":[{"name":"wp","href":"https:\/\/api.w.org\/{rel}","templated":true}]}}