{"id":7990,"date":"2023-08-25T09:58:51","date_gmt":"2023-08-25T12:58:51","guid":{"rendered":"https:\/\/prefeitura.santarosa.rs.gov.br\/?p=7990"},"modified":"2024-10-07T09:53:10","modified_gmt":"2024-10-07T12:53:10","slug":"novo-ginasio-municipal-sera-construido-pela-prefeitura","status":"publish","type":"post","link":"https:\/\/prefeitura.santarosa.rs.gov.br\/?p=7990","title":{"rendered":"<strong>Novo Gin\u00e1sio Municipal ser\u00e1 constru\u00eddo pela Prefeitura<\/strong>"},"content":{"rendered":"\n<figure class=\"wp-block-image size-full\"><img fetchpriority=\"high\" decoding=\"async\" width=\"860\" height=\"645\" src=\"https:\/\/prefeitura.santarosa.rs.gov.br\/wp-content\/uploads\/2023\/08\/Formato-Site-e-Portal-860X645-JPG-2023-08-25T094429.319.jpg\" alt=\"\" class=\"wp-image-7991\" srcset=\"https:\/\/prefeitura.santarosa.rs.gov.br\/wp-content\/uploads\/2023\/08\/Formato-Site-e-Portal-860X645-JPG-2023-08-25T094429.319.jpg 860w, https:\/\/prefeitura.santarosa.rs.gov.br\/wp-content\/uploads\/2023\/08\/Formato-Site-e-Portal-860X645-JPG-2023-08-25T094429.319-300x225.jpg 300w, https:\/\/prefeitura.santarosa.rs.gov.br\/wp-content\/uploads\/2023\/08\/Formato-Site-e-Portal-860X645-JPG-2023-08-25T094429.319-768x576.jpg 768w\" sizes=\"(max-width: 860px) 100vw, 860px\" \/><\/figure>\n\n\n\n<p>Uma obra hist\u00f3rica para Santa Rosa. Desde a \u00e9poca da constru\u00e7\u00e3o do Centro C\u00edvico realizada pelo Prefeito Borges, n\u00e3o foi mais constru\u00eddo nenhum ambiente de utiliza\u00e7\u00e3o p\u00fablica fechado na cidade. Em breve, os santa-rosenses v\u00e3o poder usufruir de um novo complexo para o esporte, cultura e lazer. O Prefeito Anderson Mantei colocou como meta, a agilidade para realiza\u00e7\u00e3o desta grande obra: o novo Gin\u00e1sio Municipal. O local ser\u00e1 constru\u00eddo com capacidade para mais de 4 mil pessoas, sendo 2.100 sentadas. Al\u00e9m disso, o projeto contempla quadra com as metragens exigidas para campeonatos de todas as modalidades esportivas e um espa\u00e7o amplo para shows e eventos do munic\u00edpio.<\/p>\n\n\n\n<p>O gin\u00e1sio ser\u00e1 implementado em terreno com frente para Avenida Am\u00e9rica, nos fundos da Secretaria Municipal de Obras. Al\u00e9m do palco para shows, est\u00e1 previsto a constru\u00e7\u00e3o de sala de apoio \u00e0 imprensa, vesti\u00e1rios, sanit\u00e1rios, vagas de estacionamento, ilumina\u00e7\u00e3o e lanchonete\/bar. O Prefeito Anderson Mantei esteve reunido com representantes da empresa contratada para realizar o projeto e destacou a import\u00e2ncia da obra, \u201cEsta ser\u00e1 uma das mais importantes obras que vamos realizar. Esse \u00e9 mais um passo que damos para promover o acesso facilitado e com infraestrutura adequada para a pr\u00e1tica de esportes, cultura e lazer. Ser\u00e1 um grande projeto que vai beneficiar toda a popula\u00e7\u00e3o de Santa Rosa\u201d.<\/p>\n\n\n\n<p>Foi assinada a ordem de in\u00edcio do projeto executivo para a constru\u00e7\u00e3o do novo gin\u00e1sio. O prazo \u00e9 de 120 dias, conforme o contrato. Ao todo ser\u00e3o investidos R$ 399.771,97 no projeto. Ap\u00f3s finalizado o estudo ser\u00e1 aberta licita\u00e7\u00e3o para contrata\u00e7\u00e3o de empresa que ir\u00e1 executar a obra. O custo do Gin\u00e1sio ainda est\u00e1 sendo or\u00e7ado, mas os recursos est\u00e3o garantidos segundo o prefeito, \u201cEstamos trabalhando com gest\u00e3o, e muitas economias foram feitas ao longo desses 2 anos e meio, portanto, temos recursos pr\u00f3prios para realizar essa obra hist\u00f3rica\u201d. A previs\u00e3o \u00e9 de que assim que a obra comece, leve 12 meses para ser finalizada.\u00a0<\/p>\n\n\n\n<figure class=\"wp-block-gallery columns-3 is-cropped wp-block-gallery-1 is-layout-flex wp-block-gallery-is-layout-flex\"><ul class=\"blocks-gallery-grid\"><li class=\"blocks-gallery-item\"><figure><img decoding=\"async\" width=\"860\" height=\"645\" src=\"https:\/\/prefeitura.santarosa.rs.gov.br\/wp-content\/uploads\/2023\/08\/ginasio-02.png\" alt=\"\" data-id=\"7994\" data-full-url=\"https:\/\/prefeitura.santarosa.rs.gov.br\/wp-content\/uploads\/2023\/08\/ginasio-02.png\" data-link=\"https:\/\/prefeitura.santarosa.rs.gov.br\/?attachment_id=7994\" class=\"wp-image-7994\" srcset=\"https:\/\/prefeitura.santarosa.rs.gov.br\/wp-content\/uploads\/2023\/08\/ginasio-02.png 860w, https:\/\/prefeitura.santarosa.rs.gov.br\/wp-content\/uploads\/2023\/08\/ginasio-02-300x225.png 300w, https:\/\/prefeitura.santarosa.rs.gov.br\/wp-content\/uploads\/2023\/08\/ginasio-02-768x576.png 768w\" sizes=\"(max-width: 860px) 100vw, 860px\" \/><\/figure><\/li><li class=\"blocks-gallery-item\"><figure><img decoding=\"async\" width=\"860\" height=\"645\" src=\"https:\/\/prefeitura.santarosa.rs.gov.br\/wp-content\/uploads\/2023\/08\/ginasio-03.png\" alt=\"\" data-id=\"7992\" data-full-url=\"https:\/\/prefeitura.santarosa.rs.gov.br\/wp-content\/uploads\/2023\/08\/ginasio-03.png\" data-link=\"https:\/\/prefeitura.santarosa.rs.gov.br\/?attachment_id=7992\" class=\"wp-image-7992\" srcset=\"https:\/\/prefeitura.santarosa.rs.gov.br\/wp-content\/uploads\/2023\/08\/ginasio-03.png 860w, https:\/\/prefeitura.santarosa.rs.gov.br\/wp-content\/uploads\/2023\/08\/ginasio-03-300x225.png 300w, https:\/\/prefeitura.santarosa.rs.gov.br\/wp-content\/uploads\/2023\/08\/ginasio-03-768x576.png 768w\" sizes=\"(max-width: 860px) 100vw, 860px\" \/><\/figure><\/li><li class=\"blocks-gallery-item\"><figure><img loading=\"lazy\" decoding=\"async\" width=\"860\" height=\"645\" src=\"https:\/\/prefeitura.santarosa.rs.gov.br\/wp-content\/uploads\/2023\/08\/ginasio-04.png\" alt=\"\" data-id=\"7993\" data-full-url=\"https:\/\/prefeitura.santarosa.rs.gov.br\/wp-content\/uploads\/2023\/08\/ginasio-04.png\" data-link=\"https:\/\/prefeitura.santarosa.rs.gov.br\/?attachment_id=7993\" class=\"wp-image-7993\" srcset=\"https:\/\/prefeitura.santarosa.rs.gov.br\/wp-content\/uploads\/2023\/08\/ginasio-04.png 860w, https:\/\/prefeitura.santarosa.rs.gov.br\/wp-content\/uploads\/2023\/08\/ginasio-04-300x225.png 300w, https:\/\/prefeitura.santarosa.rs.gov.br\/wp-content\/uploads\/2023\/08\/ginasio-04-768x576.png 768w\" sizes=\"(max-width: 860px) 100vw, 860px\" \/><\/figure><\/li><\/ul><\/figure>\n","protected":false},"excerpt":{"rendered":"<p>Uma obra hist\u00f3rica para Santa Rosa. Desde a \u00e9poca da constru\u00e7\u00e3o do Centro C\u00edvico realizada pelo Prefeito Borges, n\u00e3o foi<\/p>\n","protected":false},"author":6,"featured_media":7995,"comment_status":"closed","ping_status":"closed","sticky":false,"template":"","format":"standard","meta":{"footnotes":""},"categories":[4,19,3],"tags":[],"class_list":["post-7990","post","type-post","status-publish","format-standard","has-post-thumbnail","hentry","category-noticias","category-secretaria-municipal-de-esporte","category-gabinete-do-prefeito"],"aioseo_notices":[],"_links":{"self":[{"href":"https:\/\/prefeitura.santarosa.rs.gov.br\/index.php?rest_route=\/wp\/v2\/posts\/7990","targetHints":{"allow":["GET"]}}],"collection":[{"href":"https:\/\/prefeitura.santarosa.rs.gov.br\/index.php?rest_route=\/wp\/v2\/posts"}],"about":[{"href":"https:\/\/prefeitura.santarosa.rs.gov.br\/index.php?rest_route=\/wp\/v2\/types\/post"}],"author":[{"embeddable":true,"href":"https:\/\/prefeitura.santarosa.rs.gov.br\/index.php?rest_route=\/wp\/v2\/users\/6"}],"replies":[{"embeddable":true,"href":"https:\/\/prefeitura.santarosa.rs.gov.br\/index.php?rest_route=%2Fwp%2Fv2%2Fcomments&post=7990"}],"version-history":[{"count":1,"href":"https:\/\/prefeitura.santarosa.rs.gov.br\/index.php?rest_route=\/wp\/v2\/posts\/7990\/revisions"}],"predecessor-version":[{"id":7996,"href":"https:\/\/prefeitura.santarosa.rs.gov.br\/index.php?rest_route=\/wp\/v2\/posts\/7990\/revisions\/7996"}],"wp:featuredmedia":[{"embeddable":true,"href":"https:\/\/prefeitura.santarosa.rs.gov.br\/index.php?rest_route=\/wp\/v2\/media\/7995"}],"wp:attachment":[{"href":"https:\/\/prefeitura.santarosa.rs.gov.br\/index.php?rest_route=%2Fwp%2Fv2%2Fmedia&parent=7990"}],"wp:term":[{"taxonomy":"category","embeddable":true,"href":"https:\/\/prefeitura.santarosa.rs.gov.br\/index.php?rest_route=%2Fwp%2Fv2%2Fcategories&post=7990"},{"taxonomy":"post_tag","embeddable":true,"href":"https:\/\/prefeitura.santarosa.rs.gov.br\/index.php?rest_route=%2Fwp%2Fv2%2Ftags&post=7990"}],"curies":[{"name":"wp","href":"https:\/\/api.w.org\/{rel}","templated":true}]}}