{"id":7955,"date":"2023-08-22T16:18:48","date_gmt":"2023-08-22T19:18:48","guid":{"rendered":"https:\/\/prefeitura.santarosa.rs.gov.br\/?p=7955"},"modified":"2024-10-07T09:53:10","modified_gmt":"2024-10-07T12:53:10","slug":"rua-amizade-no-bairro-cruzeiro-vai-receber-melhorias","status":"publish","type":"post","link":"https:\/\/prefeitura.santarosa.rs.gov.br\/?p=7955","title":{"rendered":"<strong>Rua Amizade no bairro Cruzeiro vai receber melhorias<\/strong>"},"content":{"rendered":"\n<figure class=\"wp-block-image size-full\"><img fetchpriority=\"high\" decoding=\"async\" width=\"860\" height=\"645\" src=\"https:\/\/prefeitura.santarosa.rs.gov.br\/wp-content\/uploads\/2023\/08\/Formato-Site-e-Portal-860X645-JPG-2023-08-22T160517.179.jpg\" alt=\"\" class=\"wp-image-7956\" srcset=\"https:\/\/prefeitura.santarosa.rs.gov.br\/wp-content\/uploads\/2023\/08\/Formato-Site-e-Portal-860X645-JPG-2023-08-22T160517.179.jpg 860w, https:\/\/prefeitura.santarosa.rs.gov.br\/wp-content\/uploads\/2023\/08\/Formato-Site-e-Portal-860X645-JPG-2023-08-22T160517.179-300x225.jpg 300w, https:\/\/prefeitura.santarosa.rs.gov.br\/wp-content\/uploads\/2023\/08\/Formato-Site-e-Portal-860X645-JPG-2023-08-22T160517.179-768x576.jpg 768w\" sizes=\"(max-width: 860px) 100vw, 860px\" \/><\/figure>\n\n\n\n<p>O Prefeito Anderson Mantei autorizou o in\u00edcio de mais uma obra de pavimenta\u00e7\u00e3o asf\u00e1ltica em Santa Rosa. As melhorias v\u00e3o ser realizadas na Rua Amizade, Vila Jardim, no bairro Cruzeiro. O objetivo \u00e9 auxiliar na mobilidade urbana e facilitar o tr\u00e1fego de ve\u00edculos.<\/p>\n\n\n\n<p>O local vai ser contemplado com obras de recapeamento asf\u00e1ltico, em uma \u00e1rea de 1.564,83 metros quadrados. Al\u00e9m disso, ser\u00e3o realizados os servi\u00e7os complementares de fresagem do pavimento deteriorado, execu\u00e7\u00e3o de rampas de acessibilidade, meio-fio e sarjeta de concreto, nivelamento de tampas da Corsan e sinaliza\u00e7\u00e3o horizontal e vertical. \u201cMuitas melhorias est\u00e3o sendo executadas no bairro Cruzeiro. Nosso objetivo \u00e9 continuar promovendo o desenvolvimento de Santa Rosa, atrav\u00e9s de obras de infraestrutura em toda a cidade\u201d, destacou o prefeito.<\/p>\n\n\n\n<p>As obras v\u00e3o ser realizadas no trecho entre a Av. Expedicion\u00e1rio Weber e a Rua Ector Motta. Cerca de R$ 200 mil ser\u00e3o investidos no projeto. O prazo de execu\u00e7\u00e3o \u00e9 de 90 dias corridos, conforme o contrato. Desde o in\u00edcio do governo, mais de R$ 13,4 milh\u00f5es foram investidos no bairro Cruzeiro. Participaram do ato de assinatura, o Vice-Prefeito Aldemir Ulrich, os vereadores da base: Os\u00f3rio Antunes, Kuique, Timirinho, Vitor de Conti, Douglas Calixto e Rubem Breunling, acompanhados dos secret\u00e1rios municipais: Maicon Zamboni (Mobilidade Urbana) e Andr\u00e9 St\u00fcrmer (Administra\u00e7\u00e3o e Fazenda) e o representante da empresa respons\u00e1vel por executar o servi\u00e7o.<\/p>\n","protected":false},"excerpt":{"rendered":"<p>O Prefeito Anderson Mantei autorizou o in\u00edcio de mais uma obra de pavimenta\u00e7\u00e3o asf\u00e1ltica em Santa Rosa. As melhorias v\u00e3o<\/p>\n","protected":false},"author":6,"featured_media":7957,"comment_status":"closed","ping_status":"closed","sticky":false,"template":"","format":"standard","meta":{"footnotes":""},"categories":[4,22],"tags":[],"class_list":["post-7955","post","type-post","status-publish","format-standard","has-post-thumbnail","hentry","category-noticias","category-secretaria-municipal-de-planejamento-e-habitacao"],"aioseo_notices":[],"_links":{"self":[{"href":"https:\/\/prefeitura.santarosa.rs.gov.br\/index.php?rest_route=\/wp\/v2\/posts\/7955","targetHints":{"allow":["GET"]}}],"collection":[{"href":"https:\/\/prefeitura.santarosa.rs.gov.br\/index.php?rest_route=\/wp\/v2\/posts"}],"about":[{"href":"https:\/\/prefeitura.santarosa.rs.gov.br\/index.php?rest_route=\/wp\/v2\/types\/post"}],"author":[{"embeddable":true,"href":"https:\/\/prefeitura.santarosa.rs.gov.br\/index.php?rest_route=\/wp\/v2\/users\/6"}],"replies":[{"embeddable":true,"href":"https:\/\/prefeitura.santarosa.rs.gov.br\/index.php?rest_route=%2Fwp%2Fv2%2Fcomments&post=7955"}],"version-history":[{"count":1,"href":"https:\/\/prefeitura.santarosa.rs.gov.br\/index.php?rest_route=\/wp\/v2\/posts\/7955\/revisions"}],"predecessor-version":[{"id":7958,"href":"https:\/\/prefeitura.santarosa.rs.gov.br\/index.php?rest_route=\/wp\/v2\/posts\/7955\/revisions\/7958"}],"wp:featuredmedia":[{"embeddable":true,"href":"https:\/\/prefeitura.santarosa.rs.gov.br\/index.php?rest_route=\/wp\/v2\/media\/7957"}],"wp:attachment":[{"href":"https:\/\/prefeitura.santarosa.rs.gov.br\/index.php?rest_route=%2Fwp%2Fv2%2Fmedia&parent=7955"}],"wp:term":[{"taxonomy":"category","embeddable":true,"href":"https:\/\/prefeitura.santarosa.rs.gov.br\/index.php?rest_route=%2Fwp%2Fv2%2Fcategories&post=7955"},{"taxonomy":"post_tag","embeddable":true,"href":"https:\/\/prefeitura.santarosa.rs.gov.br\/index.php?rest_route=%2Fwp%2Fv2%2Ftags&post=7955"}],"curies":[{"name":"wp","href":"https:\/\/api.w.org\/{rel}","templated":true}]}}