{"id":7934,"date":"2023-08-21T15:44:34","date_gmt":"2023-08-21T18:44:34","guid":{"rendered":"https:\/\/prefeitura.santarosa.rs.gov.br\/?p=7934"},"modified":"2024-10-07T09:53:10","modified_gmt":"2024-10-07T12:53:10","slug":"campeonato-estadual-de-karate-foi-realizado-em-santa-rosa","status":"publish","type":"post","link":"https:\/\/prefeitura.santarosa.rs.gov.br\/?p=7934","title":{"rendered":"<strong>Campeonato Estadual de Karat\u00ea foi realizado em Santa Rosa<\/strong>"},"content":{"rendered":"\n<p><em>Atletas do Programa Karat\u00ea Para Todos foram destaque na competi\u00e7\u00e3o<\/em><\/p>\n\n\n\n<figure class=\"wp-block-image size-full\"><img fetchpriority=\"high\" decoding=\"async\" width=\"860\" height=\"645\" src=\"https:\/\/prefeitura.santarosa.rs.gov.br\/wp-content\/uploads\/2023\/08\/Formato-Site-e-Portal-860X645-JPG-2023-08-21T150454.818.jpg\" alt=\"\" class=\"wp-image-7935\" srcset=\"https:\/\/prefeitura.santarosa.rs.gov.br\/wp-content\/uploads\/2023\/08\/Formato-Site-e-Portal-860X645-JPG-2023-08-21T150454.818.jpg 860w, https:\/\/prefeitura.santarosa.rs.gov.br\/wp-content\/uploads\/2023\/08\/Formato-Site-e-Portal-860X645-JPG-2023-08-21T150454.818-300x225.jpg 300w, https:\/\/prefeitura.santarosa.rs.gov.br\/wp-content\/uploads\/2023\/08\/Formato-Site-e-Portal-860X645-JPG-2023-08-21T150454.818-768x576.jpg 768w\" sizes=\"(max-width: 860px) 100vw, 860px\" \/><\/figure>\n\n\n\n<p>Santa Rosa sediou pela primeira vez, um dos maiores eventos do Karat\u00ea no Rio Grande do Sul. Durante o final de semana, dias 19 e 20 de agosto (s\u00e1bado e domingo), aconteceram as disputas do Campeonato Estadual de Karat\u00ea Interestilos 2023. A a\u00e7\u00e3o foi promovida pela Prefeitura atrav\u00e9s da Secretaria de Esporte e pela Federa\u00e7\u00e3o Ga\u00facha de Karat\u00ea Interestilos \u2013 FGKIRS. Al\u00e9m disso, a atividade contou com o apoio da Academia Drag\u00f5es do Oriente, respons\u00e1vel por coordenar o Programa Karat\u00ea para Todos, que \u00e9 desenvolvido pelo Governo Municipal. O evento foi realizado no Gin\u00e1sio Pedro Deon, no bairro Cruzeiro e reuniu mais de 1.200 pessoas. Ao todo, 450 atletas de 20 munic\u00edpios, participaram da competi\u00e7\u00e3o.<\/p>\n\n\n\n<p>Equipes de todo o estado competiram em duas modalidades: Kata e Kumite. Os caratecas foram julgados por um time de 26 \u00e1rbitros. No encerramento, foram escolhidos os dois atletas destaque do campeonato, com mais t\u00e9cnica e disciplina. A ganhadora e o ganhador s\u00e3o alunos participantes do Programa Karat\u00ea Para Todos, que conta com 1.250 crian\u00e7as e adolescentes atendidos no munic\u00edpio. O Secret\u00e1rio de Esporte Cauh\u00e3 Pereira da Silva, destacou que o Governo Municipal tem investido no esporte em Santa Rosa, \u201cEstou com o cora\u00e7\u00e3o cheio de orgulho, de ver tantas crian\u00e7as e jovens praticando esporte, em especial o karat\u00ea. Isso nos emociona, principalmente porque o karat\u00ea tem um diferencial, que \u00e9 promover a disciplina, o respeito e a educa\u00e7\u00e3o. Santa Rosa est\u00e1 de parab\u00e9ns, estamos atrav\u00e9s de programas como o Karat\u00ea Para Todos, transformando vidas por meio do esporte\u201d.<\/p>\n\n\n\n<p>Al\u00e9m dos dois atletas destaque, Santa Rosa foi a campe\u00e3 estadual desta etapa e conquistou ao todo 58 medalhas: 16 medalhas de 1\u00ba lugar, 20 medalhas de 2\u00ba lugar, 15 medalhas de 3\u00ba lugar e 7 medalhas de 4\u00ba lugar. O objetivo dos caratecas a partir de agora, \u00e9 a participa\u00e7\u00e3o no Campeonato Brasileiro 2023, que ir\u00e1 reunir 3 mil atletas no Parque do Ibirapuera em S\u00e3o Paulo, no pr\u00f3ximo m\u00eas.<\/p>\n\n\n\n<figure class=\"wp-block-gallery columns-3 is-cropped wp-block-gallery-1 is-layout-flex wp-block-gallery-is-layout-flex\"><ul class=\"blocks-gallery-grid\"><li class=\"blocks-gallery-item\"><figure><img decoding=\"async\" width=\"860\" height=\"645\" src=\"https:\/\/prefeitura.santarosa.rs.gov.br\/wp-content\/uploads\/2023\/08\/karete-003.png\" alt=\"\" data-id=\"7939\" data-full-url=\"https:\/\/prefeitura.santarosa.rs.gov.br\/wp-content\/uploads\/2023\/08\/karete-003.png\" data-link=\"https:\/\/prefeitura.santarosa.rs.gov.br\/?attachment_id=7939\" class=\"wp-image-7939\" srcset=\"https:\/\/prefeitura.santarosa.rs.gov.br\/wp-content\/uploads\/2023\/08\/karete-003.png 860w, https:\/\/prefeitura.santarosa.rs.gov.br\/wp-content\/uploads\/2023\/08\/karete-003-300x225.png 300w, https:\/\/prefeitura.santarosa.rs.gov.br\/wp-content\/uploads\/2023\/08\/karete-003-768x576.png 768w\" sizes=\"(max-width: 860px) 100vw, 860px\" \/><\/figure><\/li><li class=\"blocks-gallery-item\"><figure><img decoding=\"async\" width=\"860\" height=\"645\" src=\"https:\/\/prefeitura.santarosa.rs.gov.br\/wp-content\/uploads\/2023\/08\/karate-002.png\" alt=\"\" data-id=\"7938\" data-full-url=\"https:\/\/prefeitura.santarosa.rs.gov.br\/wp-content\/uploads\/2023\/08\/karate-002.png\" data-link=\"https:\/\/prefeitura.santarosa.rs.gov.br\/?attachment_id=7938\" class=\"wp-image-7938\" srcset=\"https:\/\/prefeitura.santarosa.rs.gov.br\/wp-content\/uploads\/2023\/08\/karate-002.png 860w, https:\/\/prefeitura.santarosa.rs.gov.br\/wp-content\/uploads\/2023\/08\/karate-002-300x225.png 300w, https:\/\/prefeitura.santarosa.rs.gov.br\/wp-content\/uploads\/2023\/08\/karate-002-768x576.png 768w\" sizes=\"(max-width: 860px) 100vw, 860px\" \/><\/figure><\/li><li class=\"blocks-gallery-item\"><figure><img loading=\"lazy\" decoding=\"async\" width=\"860\" height=\"645\" src=\"https:\/\/prefeitura.santarosa.rs.gov.br\/wp-content\/uploads\/2023\/08\/karate-004.png\" alt=\"\" data-id=\"7936\" data-full-url=\"https:\/\/prefeitura.santarosa.rs.gov.br\/wp-content\/uploads\/2023\/08\/karate-004.png\" data-link=\"https:\/\/prefeitura.santarosa.rs.gov.br\/?attachment_id=7936\" class=\"wp-image-7936\" srcset=\"https:\/\/prefeitura.santarosa.rs.gov.br\/wp-content\/uploads\/2023\/08\/karate-004.png 860w, https:\/\/prefeitura.santarosa.rs.gov.br\/wp-content\/uploads\/2023\/08\/karate-004-300x225.png 300w, https:\/\/prefeitura.santarosa.rs.gov.br\/wp-content\/uploads\/2023\/08\/karate-004-768x576.png 768w\" sizes=\"(max-width: 860px) 100vw, 860px\" \/><\/figure><\/li><\/ul><\/figure>\n","protected":false},"excerpt":{"rendered":"<p>Atletas do Programa Karat\u00ea Para Todos foram destaque na competi\u00e7\u00e3o Santa Rosa sediou pela primeira vez, um dos maiores eventos<\/p>\n","protected":false},"author":6,"featured_media":7940,"comment_status":"closed","ping_status":"closed","sticky":false,"template":"","format":"standard","meta":{"footnotes":""},"categories":[4,19],"tags":[],"class_list":["post-7934","post","type-post","status-publish","format-standard","has-post-thumbnail","hentry","category-noticias","category-secretaria-municipal-de-esporte"],"aioseo_notices":[],"_links":{"self":[{"href":"https:\/\/prefeitura.santarosa.rs.gov.br\/index.php?rest_route=\/wp\/v2\/posts\/7934","targetHints":{"allow":["GET"]}}],"collection":[{"href":"https:\/\/prefeitura.santarosa.rs.gov.br\/index.php?rest_route=\/wp\/v2\/posts"}],"about":[{"href":"https:\/\/prefeitura.santarosa.rs.gov.br\/index.php?rest_route=\/wp\/v2\/types\/post"}],"author":[{"embeddable":true,"href":"https:\/\/prefeitura.santarosa.rs.gov.br\/index.php?rest_route=\/wp\/v2\/users\/6"}],"replies":[{"embeddable":true,"href":"https:\/\/prefeitura.santarosa.rs.gov.br\/index.php?rest_route=%2Fwp%2Fv2%2Fcomments&post=7934"}],"version-history":[{"count":1,"href":"https:\/\/prefeitura.santarosa.rs.gov.br\/index.php?rest_route=\/wp\/v2\/posts\/7934\/revisions"}],"predecessor-version":[{"id":7941,"href":"https:\/\/prefeitura.santarosa.rs.gov.br\/index.php?rest_route=\/wp\/v2\/posts\/7934\/revisions\/7941"}],"wp:featuredmedia":[{"embeddable":true,"href":"https:\/\/prefeitura.santarosa.rs.gov.br\/index.php?rest_route=\/wp\/v2\/media\/7940"}],"wp:attachment":[{"href":"https:\/\/prefeitura.santarosa.rs.gov.br\/index.php?rest_route=%2Fwp%2Fv2%2Fmedia&parent=7934"}],"wp:term":[{"taxonomy":"category","embeddable":true,"href":"https:\/\/prefeitura.santarosa.rs.gov.br\/index.php?rest_route=%2Fwp%2Fv2%2Fcategories&post=7934"},{"taxonomy":"post_tag","embeddable":true,"href":"https:\/\/prefeitura.santarosa.rs.gov.br\/index.php?rest_route=%2Fwp%2Fv2%2Ftags&post=7934"}],"curies":[{"name":"wp","href":"https:\/\/api.w.org\/{rel}","templated":true}]}}