{"id":7930,"date":"2023-08-21T11:30:40","date_gmt":"2023-08-21T14:30:40","guid":{"rendered":"https:\/\/prefeitura.santarosa.rs.gov.br\/?p=7930"},"modified":"2024-10-07T09:53:10","modified_gmt":"2024-10-07T12:53:10","slug":"asfalto-para-todas-as-ruas-da-auxiliadora-i","status":"publish","type":"post","link":"https:\/\/prefeitura.santarosa.rs.gov.br\/?p=7930","title":{"rendered":"<strong>Asfalto para todas as ruas da Auxiliadora I<\/strong>"},"content":{"rendered":"\n<figure class=\"wp-block-image size-full\"><img fetchpriority=\"high\" decoding=\"async\" width=\"860\" height=\"645\" src=\"https:\/\/prefeitura.santarosa.rs.gov.br\/wp-content\/uploads\/2023\/08\/Formato-Site-e-Portal-860X645-JPG-2023-08-21T112849.173.jpg\" alt=\"\" class=\"wp-image-7931\" srcset=\"https:\/\/prefeitura.santarosa.rs.gov.br\/wp-content\/uploads\/2023\/08\/Formato-Site-e-Portal-860X645-JPG-2023-08-21T112849.173.jpg 860w, https:\/\/prefeitura.santarosa.rs.gov.br\/wp-content\/uploads\/2023\/08\/Formato-Site-e-Portal-860X645-JPG-2023-08-21T112849.173-300x225.jpg 300w, https:\/\/prefeitura.santarosa.rs.gov.br\/wp-content\/uploads\/2023\/08\/Formato-Site-e-Portal-860X645-JPG-2023-08-21T112849.173-768x576.jpg 768w\" sizes=\"(max-width: 860px) 100vw, 860px\" \/><\/figure>\n\n\n\n<p>Santa Rosa est\u00e1 recebendo diversas melhorias na infraestrutura e mobilidade urbana. As obras n\u00e3o param e todos os bairros e localidades est\u00e3o sendo contemplados. O Prefeito Anderson Mantei assinou na manh\u00e3 desta segunda-feira (21), junto dos vereadores da base, mais uma importante ordem de in\u00edcio de pavimenta\u00e7\u00e3o. Todas as ruas da Auxiliadora I v\u00e3o ser asfaltadas. O Governo Municipal tem previs\u00e3o de finalizar 293 ruas at\u00e9 o pr\u00f3ximo ano. Destas, 91 vias foram conclu\u00eddas e 42 est\u00e3o em execu\u00e7\u00e3o.<\/p>\n\n\n\n<p>O projeto contempla obras de pavimenta\u00e7\u00e3o em 14 ruas da Auxiliadora I. Al\u00e9m disso, ser\u00e3o executados os servi\u00e7os de drenagem, meio-fio e sinaliza\u00e7\u00e3o. O Prefeito Anderson Mantei, destacou que as melhorias impactam positivamente na mobilidade urbana e na qualidade de vida da popula\u00e7\u00e3o, \u201cEsta \u00e9 mais uma obra realizada a partir das demandas trazidas pela popula\u00e7\u00e3o. Estamos cumprindo com o que prometemos, que \u00e9 contemplar todas as localidades de Santa Rosa com melhorias. Nesse momento, a Auxiliadora I est\u00e1 recebendo um importante investimento que vai melhorar a infraestrutura da comunidade\u201d.<\/p>\n\n\n\n<p>O prazo de execu\u00e7\u00e3o \u00e9 de 90 dias corridos, conforme contrato. Ao todo ser\u00e3o investidos R$ 1.517.374,28 de recursos do FINISA 2. Participaram do ato de assinatura, o Vice-Prefeito Aldemir Ulrich, os vereadores: Os\u00f3rio Antunes, Kuique, Timirinho, Vitor de Conti, Douglas Calixto e Rubem Breunling, acompanhados de Jair Almeida e dos secret\u00e1rios municipais: Maicon Zamboni (Mobilidade Urbana) e Andr\u00e9 St\u00fcrmer (Administra\u00e7\u00e3o e Fazenda), do Engenheiro Fiscal, Maur\u00edcio Lenz, da Diretora de Capta\u00e7\u00e3o de Recursos, Caliandra Perini e do representante da empresa respons\u00e1vel por executar o servi\u00e7o. &nbsp;Confira abaixo as ruas contempladas:<\/p>\n\n\n\n<ol class=\"wp-block-list\" type=\"1\"><li>Travessa Bom Retiro<\/li><li>Rua Carvoeiro<\/li><li>Rua das Canelas<\/li><li>Rua David Canabarro<\/li><li>Rua Lind\u00f3ia<\/li><li>Rua Mansueto Tress<\/li><li>Rua Rafael Pinto Bandeira<\/li><li>Rua Roraima<\/li><li>Rua Santa Teresinha<\/li><li>Rua Sep\u00e9 Tiaraju<\/li><li>Travessa 5<\/li><li>Travessa CIEP<\/li><li>Travessa Harmonia<\/li><li>Travessa Rua M\u00e3e Margarida<\/li><\/ol>\n","protected":false},"excerpt":{"rendered":"<p>Santa Rosa est\u00e1 recebendo diversas melhorias na infraestrutura e mobilidade urbana. As obras n\u00e3o param e todos os bairros e<\/p>\n","protected":false},"author":6,"featured_media":7932,"comment_status":"closed","ping_status":"closed","sticky":false,"template":"","format":"standard","meta":{"footnotes":""},"categories":[4,22],"tags":[],"class_list":["post-7930","post","type-post","status-publish","format-standard","has-post-thumbnail","hentry","category-noticias","category-secretaria-municipal-de-planejamento-e-habitacao"],"aioseo_notices":[],"_links":{"self":[{"href":"https:\/\/prefeitura.santarosa.rs.gov.br\/index.php?rest_route=\/wp\/v2\/posts\/7930","targetHints":{"allow":["GET"]}}],"collection":[{"href":"https:\/\/prefeitura.santarosa.rs.gov.br\/index.php?rest_route=\/wp\/v2\/posts"}],"about":[{"href":"https:\/\/prefeitura.santarosa.rs.gov.br\/index.php?rest_route=\/wp\/v2\/types\/post"}],"author":[{"embeddable":true,"href":"https:\/\/prefeitura.santarosa.rs.gov.br\/index.php?rest_route=\/wp\/v2\/users\/6"}],"replies":[{"embeddable":true,"href":"https:\/\/prefeitura.santarosa.rs.gov.br\/index.php?rest_route=%2Fwp%2Fv2%2Fcomments&post=7930"}],"version-history":[{"count":1,"href":"https:\/\/prefeitura.santarosa.rs.gov.br\/index.php?rest_route=\/wp\/v2\/posts\/7930\/revisions"}],"predecessor-version":[{"id":7933,"href":"https:\/\/prefeitura.santarosa.rs.gov.br\/index.php?rest_route=\/wp\/v2\/posts\/7930\/revisions\/7933"}],"wp:featuredmedia":[{"embeddable":true,"href":"https:\/\/prefeitura.santarosa.rs.gov.br\/index.php?rest_route=\/wp\/v2\/media\/7932"}],"wp:attachment":[{"href":"https:\/\/prefeitura.santarosa.rs.gov.br\/index.php?rest_route=%2Fwp%2Fv2%2Fmedia&parent=7930"}],"wp:term":[{"taxonomy":"category","embeddable":true,"href":"https:\/\/prefeitura.santarosa.rs.gov.br\/index.php?rest_route=%2Fwp%2Fv2%2Fcategories&post=7930"},{"taxonomy":"post_tag","embeddable":true,"href":"https:\/\/prefeitura.santarosa.rs.gov.br\/index.php?rest_route=%2Fwp%2Fv2%2Ftags&post=7930"}],"curies":[{"name":"wp","href":"https:\/\/api.w.org\/{rel}","templated":true}]}}