{"id":7913,"date":"2023-08-21T11:05:53","date_gmt":"2023-08-21T14:05:53","guid":{"rendered":"https:\/\/prefeitura.santarosa.rs.gov.br\/?p=7913"},"modified":"2024-10-07T09:53:10","modified_gmt":"2024-10-07T12:53:10","slug":"final-de-semana-de-diversas-atividades-em-santa-rosa","status":"publish","type":"post","link":"https:\/\/prefeitura.santarosa.rs.gov.br\/?p=7913","title":{"rendered":"<strong>Final de semana de diversas atividades em Santa Rosa<\/strong>"},"content":{"rendered":"\n<figure class=\"wp-block-image size-full\"><img fetchpriority=\"high\" decoding=\"async\" width=\"860\" height=\"645\" src=\"https:\/\/prefeitura.santarosa.rs.gov.br\/wp-content\/uploads\/2023\/08\/Formato-Site-e-Portal-860X645-JPG-2023-08-21T105602.432.jpg\" alt=\"\" class=\"wp-image-7914\" srcset=\"https:\/\/prefeitura.santarosa.rs.gov.br\/wp-content\/uploads\/2023\/08\/Formato-Site-e-Portal-860X645-JPG-2023-08-21T105602.432.jpg 860w, https:\/\/prefeitura.santarosa.rs.gov.br\/wp-content\/uploads\/2023\/08\/Formato-Site-e-Portal-860X645-JPG-2023-08-21T105602.432-300x225.jpg 300w, https:\/\/prefeitura.santarosa.rs.gov.br\/wp-content\/uploads\/2023\/08\/Formato-Site-e-Portal-860X645-JPG-2023-08-21T105602.432-768x576.jpg 768w\" sizes=\"(max-width: 860px) 100vw, 860px\" \/><\/figure>\n\n\n\n<p>Assim como de costume, o Prefeito Anderson Mantei e o Vice-Prefeito Aldemir Ulrich cumpriram diversas agendas no final de semana. As a\u00e7\u00f5es aconteceram no munic\u00edpio, em diferentes localidades. O esporte e o voluntariado tiveram destaque. Diversas atra\u00e7\u00f5es foram realizadas e contaram com a participa\u00e7\u00e3o da comunidade santa-rosense.<\/p>\n\n\n\n<p>No s\u00e1bado (19), o Prefeito Anderson esteve presente na abertura oficial do 3\u00b0 Congresso de vendas, lideran\u00e7a e comportamento do RS. A a\u00e7\u00e3o aconteceu no Centro C\u00edvico e reuniu mais de 900 pessoas. Logo ap\u00f3s, Mantei foi prestigiar o 1\u00b0 Encontro Moto Grupo Selv\u00e1ticos, em frente ao Divino Lounge Bar. Ainda no s\u00e1bado, aconteceu a abertura do Campeonato Estadual de Karat\u00ea Interestilos, no Gin\u00e1sio Municipal Pedro Deon. O Vice-Prefeito Aldemir Ulrich representou o Governo Municipal e deu \u00e0s boas-vindas aos 450 atletas de 20 munic\u00edpios do RS. A competi\u00e7\u00e3o ocorreu todo o final de semana, com a presen\u00e7a de mais de 1.200 pessoas.<\/p>\n\n\n\n<p>Al\u00e9m do Karat\u00ea, outras modalidades esportivas tiveram a\u00e7\u00f5es no final de semana. Anderson participou da entrega de premia\u00e7\u00e3o do Beach T\u00eanis e do jogo do Santa Rosa Futsal. O domingo (20), iniciou com anima\u00e7\u00e3o na 24\u00aa Kinderfest, realizada no P\u00f3rtico da Oliveira, com a participa\u00e7\u00e3o da Associa\u00e7\u00e3o Regional de Grupos Folcl\u00f3ricos Alem\u00e3es. \u201cQue alegria ver toda essa movimenta\u00e7\u00e3o, com diversos eventos esportivos e culturais acontecendo simultaneamente em Santa Rosa. Isso nos mostra o poder do voluntariado na nossa cidade e como eu tenho dito por onde eu passo, aqui o santo de casa faz milagre\u201d, destacou Anderson.<\/p>\n\n\n\n<p>Ainda no domingo, aconteceu em Santa Rosa, a XV Festa do Peixe promovida pelo Rotary Santa Rosa Cultural. O prefeito e o vice que participam da entidade, ajudaram na promo\u00e7\u00e3o que ocorreu no SER Cisne de Santa Rosa. As atividades seguiram nos espa\u00e7os p\u00fablicos do munic\u00edpio, em um final de semana que foi marcado por intensas atividades.<\/p>\n\n\n\n<figure class=\"wp-block-gallery columns-3 is-cropped wp-block-gallery-1 is-layout-flex wp-block-gallery-is-layout-flex\"><ul class=\"blocks-gallery-grid\"><li class=\"blocks-gallery-item\"><figure><img decoding=\"async\" width=\"860\" height=\"645\" src=\"https:\/\/prefeitura.santarosa.rs.gov.br\/wp-content\/uploads\/2023\/08\/evento-07-1.png\" alt=\"\" data-id=\"7921\" data-link=\"https:\/\/prefeitura.santarosa.rs.gov.br\/?attachment_id=7921\" class=\"wp-image-7921\" srcset=\"https:\/\/prefeitura.santarosa.rs.gov.br\/wp-content\/uploads\/2023\/08\/evento-07-1.png 860w, https:\/\/prefeitura.santarosa.rs.gov.br\/wp-content\/uploads\/2023\/08\/evento-07-1-300x225.png 300w, https:\/\/prefeitura.santarosa.rs.gov.br\/wp-content\/uploads\/2023\/08\/evento-07-1-768x576.png 768w\" sizes=\"(max-width: 860px) 100vw, 860px\" \/><\/figure><\/li><li class=\"blocks-gallery-item\"><figure><img decoding=\"async\" width=\"860\" height=\"645\" src=\"https:\/\/prefeitura.santarosa.rs.gov.br\/wp-content\/uploads\/2023\/08\/evento-06-1.png\" alt=\"\" data-id=\"7927\" data-full-url=\"https:\/\/prefeitura.santarosa.rs.gov.br\/wp-content\/uploads\/2023\/08\/evento-06-1.png\" data-link=\"https:\/\/prefeitura.santarosa.rs.gov.br\/?attachment_id=7927\" class=\"wp-image-7927\" srcset=\"https:\/\/prefeitura.santarosa.rs.gov.br\/wp-content\/uploads\/2023\/08\/evento-06-1.png 860w, https:\/\/prefeitura.santarosa.rs.gov.br\/wp-content\/uploads\/2023\/08\/evento-06-1-300x225.png 300w, https:\/\/prefeitura.santarosa.rs.gov.br\/wp-content\/uploads\/2023\/08\/evento-06-1-768x576.png 768w\" sizes=\"(max-width: 860px) 100vw, 860px\" \/><\/figure><\/li><li class=\"blocks-gallery-item\"><figure><img loading=\"lazy\" decoding=\"async\" width=\"860\" height=\"645\" src=\"https:\/\/prefeitura.santarosa.rs.gov.br\/wp-content\/uploads\/2023\/08\/evento-05-1.png\" alt=\"\" data-id=\"7923\" data-link=\"https:\/\/prefeitura.santarosa.rs.gov.br\/?attachment_id=7923\" class=\"wp-image-7923\" srcset=\"https:\/\/prefeitura.santarosa.rs.gov.br\/wp-content\/uploads\/2023\/08\/evento-05-1.png 860w, https:\/\/prefeitura.santarosa.rs.gov.br\/wp-content\/uploads\/2023\/08\/evento-05-1-300x225.png 300w, https:\/\/prefeitura.santarosa.rs.gov.br\/wp-content\/uploads\/2023\/08\/evento-05-1-768x576.png 768w\" sizes=\"(max-width: 860px) 100vw, 860px\" \/><\/figure><\/li><li class=\"blocks-gallery-item\"><figure><img loading=\"lazy\" decoding=\"async\" width=\"860\" height=\"645\" src=\"https:\/\/prefeitura.santarosa.rs.gov.br\/wp-content\/uploads\/2023\/08\/evento-02-1.png\" alt=\"\" data-id=\"7924\" data-link=\"https:\/\/prefeitura.santarosa.rs.gov.br\/?attachment_id=7924\" class=\"wp-image-7924\" srcset=\"https:\/\/prefeitura.santarosa.rs.gov.br\/wp-content\/uploads\/2023\/08\/evento-02-1.png 860w, https:\/\/prefeitura.santarosa.rs.gov.br\/wp-content\/uploads\/2023\/08\/evento-02-1-300x225.png 300w, https:\/\/prefeitura.santarosa.rs.gov.br\/wp-content\/uploads\/2023\/08\/evento-02-1-768x576.png 768w\" sizes=\"(max-width: 860px) 100vw, 860px\" \/><\/figure><\/li><li class=\"blocks-gallery-item\"><figure><img loading=\"lazy\" decoding=\"async\" width=\"860\" height=\"645\" src=\"https:\/\/prefeitura.santarosa.rs.gov.br\/wp-content\/uploads\/2023\/08\/evento-03-1.png\" alt=\"\" data-id=\"7926\" data-link=\"https:\/\/prefeitura.santarosa.rs.gov.br\/?attachment_id=7926\" class=\"wp-image-7926\" srcset=\"https:\/\/prefeitura.santarosa.rs.gov.br\/wp-content\/uploads\/2023\/08\/evento-03-1.png 860w, https:\/\/prefeitura.santarosa.rs.gov.br\/wp-content\/uploads\/2023\/08\/evento-03-1-300x225.png 300w, https:\/\/prefeitura.santarosa.rs.gov.br\/wp-content\/uploads\/2023\/08\/evento-03-1-768x576.png 768w\" sizes=\"(max-width: 860px) 100vw, 860px\" \/><\/figure><\/li><li class=\"blocks-gallery-item\"><figure><img loading=\"lazy\" decoding=\"async\" width=\"860\" height=\"645\" src=\"https:\/\/prefeitura.santarosa.rs.gov.br\/wp-content\/uploads\/2023\/08\/evento-04-1.png\" alt=\"\" data-id=\"7925\" data-link=\"https:\/\/prefeitura.santarosa.rs.gov.br\/?attachment_id=7925\" class=\"wp-image-7925\" srcset=\"https:\/\/prefeitura.santarosa.rs.gov.br\/wp-content\/uploads\/2023\/08\/evento-04-1.png 860w, https:\/\/prefeitura.santarosa.rs.gov.br\/wp-content\/uploads\/2023\/08\/evento-04-1-300x225.png 300w, https:\/\/prefeitura.santarosa.rs.gov.br\/wp-content\/uploads\/2023\/08\/evento-04-1-768x576.png 768w\" sizes=\"(max-width: 860px) 100vw, 860px\" \/><\/figure><\/li><\/ul><\/figure>\n","protected":false},"excerpt":{"rendered":"<p>Assim como de costume, o Prefeito Anderson Mantei e o Vice-Prefeito Aldemir Ulrich cumpriram diversas agendas no final de semana.<\/p>\n","protected":false},"author":6,"featured_media":7928,"comment_status":"closed","ping_status":"closed","sticky":false,"template":"","format":"standard","meta":{"footnotes":""},"categories":[4,15,3,9],"tags":[],"class_list":["post-7913","post","type-post","status-publish","format-standard","has-post-thumbnail","hentry","category-noticias","category-secretaria-municipal-de-comunicacao","category-gabinete-do-prefeito","category-gabinete-do-vice-prefeito"],"aioseo_notices":[],"_links":{"self":[{"href":"https:\/\/prefeitura.santarosa.rs.gov.br\/index.php?rest_route=\/wp\/v2\/posts\/7913","targetHints":{"allow":["GET"]}}],"collection":[{"href":"https:\/\/prefeitura.santarosa.rs.gov.br\/index.php?rest_route=\/wp\/v2\/posts"}],"about":[{"href":"https:\/\/prefeitura.santarosa.rs.gov.br\/index.php?rest_route=\/wp\/v2\/types\/post"}],"author":[{"embeddable":true,"href":"https:\/\/prefeitura.santarosa.rs.gov.br\/index.php?rest_route=\/wp\/v2\/users\/6"}],"replies":[{"embeddable":true,"href":"https:\/\/prefeitura.santarosa.rs.gov.br\/index.php?rest_route=%2Fwp%2Fv2%2Fcomments&post=7913"}],"version-history":[{"count":1,"href":"https:\/\/prefeitura.santarosa.rs.gov.br\/index.php?rest_route=\/wp\/v2\/posts\/7913\/revisions"}],"predecessor-version":[{"id":7929,"href":"https:\/\/prefeitura.santarosa.rs.gov.br\/index.php?rest_route=\/wp\/v2\/posts\/7913\/revisions\/7929"}],"wp:featuredmedia":[{"embeddable":true,"href":"https:\/\/prefeitura.santarosa.rs.gov.br\/index.php?rest_route=\/wp\/v2\/media\/7928"}],"wp:attachment":[{"href":"https:\/\/prefeitura.santarosa.rs.gov.br\/index.php?rest_route=%2Fwp%2Fv2%2Fmedia&parent=7913"}],"wp:term":[{"taxonomy":"category","embeddable":true,"href":"https:\/\/prefeitura.santarosa.rs.gov.br\/index.php?rest_route=%2Fwp%2Fv2%2Fcategories&post=7913"},{"taxonomy":"post_tag","embeddable":true,"href":"https:\/\/prefeitura.santarosa.rs.gov.br\/index.php?rest_route=%2Fwp%2Fv2%2Ftags&post=7913"}],"curies":[{"name":"wp","href":"https:\/\/api.w.org\/{rel}","templated":true}]}}