{"id":7888,"date":"2023-08-17T16:24:16","date_gmt":"2023-08-17T19:24:16","guid":{"rendered":"https:\/\/prefeitura.santarosa.rs.gov.br\/?p=7888"},"modified":"2024-10-07T09:53:10","modified_gmt":"2024-10-07T12:53:10","slug":"santa-rosa-vai-ser-sede-do-campeonato-estadual-de-karate-interestilos-2023","status":"publish","type":"post","link":"https:\/\/prefeitura.santarosa.rs.gov.br\/?p=7888","title":{"rendered":"<strong>Santa Rosa vai ser sede do Campeonato Estadual de Karat\u00ea Interestilos 2023<\/strong>"},"content":{"rendered":"\n<figure class=\"wp-block-image size-full\"><img fetchpriority=\"high\" decoding=\"async\" width=\"860\" height=\"645\" src=\"https:\/\/prefeitura.santarosa.rs.gov.br\/wp-content\/uploads\/2023\/08\/Formato-Site-e-Portal-860X645-JPG-2023-08-17T161400.130.jpg\" alt=\"\" class=\"wp-image-7889\" srcset=\"https:\/\/prefeitura.santarosa.rs.gov.br\/wp-content\/uploads\/2023\/08\/Formato-Site-e-Portal-860X645-JPG-2023-08-17T161400.130.jpg 860w, https:\/\/prefeitura.santarosa.rs.gov.br\/wp-content\/uploads\/2023\/08\/Formato-Site-e-Portal-860X645-JPG-2023-08-17T161400.130-300x225.jpg 300w, https:\/\/prefeitura.santarosa.rs.gov.br\/wp-content\/uploads\/2023\/08\/Formato-Site-e-Portal-860X645-JPG-2023-08-17T161400.130-768x576.jpg 768w\" sizes=\"(max-width: 860px) 100vw, 860px\" \/><\/figure>\n\n\n\n<p>Pela primeira vez, Santa Rosa vai ser sede de um dos maiores eventos do Karat\u00ea no Rio Grande do Sul. No pr\u00f3ximo final de semana, dias 19 e 20 de agosto (s\u00e1bado e domingo), vai ser realizado o Campeonato Estadual de Karat\u00ea Interestilos 2023. A a\u00e7\u00e3o \u00e9 promovida pela Prefeitura de Santa Rosa atrav\u00e9s da Secretaria de Esporte e pela Federa\u00e7\u00e3o Ga\u00facha de Karat\u00ea \u2013 FGKRS. Al\u00e9m disso, a atividade conta com o apoio da Academia Drag\u00f5es do Oriente, respons\u00e1vel por coordenar o Programa Karat\u00ea para Todos, que \u00e9 desenvolvido pelo Governo Municipal. A abertura ser\u00e1 realizada no s\u00e1bado, \u00e0s 14h30min, no Gin\u00e1sio Pedro Deon, no bairro Cruzeiro.<\/p>\n\n\n\n<p>Atletas de todo o estado estar\u00e3o participando da competi\u00e7\u00e3o que vai contemplar disputas em duas modalidades: Kata e Kumite. O Secret\u00e1rio de Esporte Cauh\u00e3 Pereira da Silva, destaca, \u201cSanta Rosa vai ser palco de um grande evento a n\u00edvel estadual. Convidamos a popula\u00e7\u00e3o para prestigiar e torcer pelos nossos atletas e valorizar os eventos do esporte na nossa cidade\u201d.<\/p>\n\n\n\n<p>O Campeonato Estadual de Karat\u00ea Interestilos 2023 \u00e9 aberto para a comunidade e ter\u00e1 entrada gratuita. A Prefeitura de Santa Rosa tem investido nesta modalidade esportiva. Atualmente, o Programa Karat\u00ea Para Todos conta com 1.250 crian\u00e7as e adolescentes atendidos no munic\u00edpio.<\/p>\n","protected":false},"excerpt":{"rendered":"<p>Pela primeira vez, Santa Rosa vai ser sede de um dos maiores eventos do Karat\u00ea no Rio Grande do Sul.<\/p>\n","protected":false},"author":6,"featured_media":7890,"comment_status":"closed","ping_status":"closed","sticky":false,"template":"","format":"standard","meta":{"footnotes":""},"categories":[4,19],"tags":[],"class_list":["post-7888","post","type-post","status-publish","format-standard","has-post-thumbnail","hentry","category-noticias","category-secretaria-municipal-de-esporte"],"aioseo_notices":[],"_links":{"self":[{"href":"https:\/\/prefeitura.santarosa.rs.gov.br\/index.php?rest_route=\/wp\/v2\/posts\/7888","targetHints":{"allow":["GET"]}}],"collection":[{"href":"https:\/\/prefeitura.santarosa.rs.gov.br\/index.php?rest_route=\/wp\/v2\/posts"}],"about":[{"href":"https:\/\/prefeitura.santarosa.rs.gov.br\/index.php?rest_route=\/wp\/v2\/types\/post"}],"author":[{"embeddable":true,"href":"https:\/\/prefeitura.santarosa.rs.gov.br\/index.php?rest_route=\/wp\/v2\/users\/6"}],"replies":[{"embeddable":true,"href":"https:\/\/prefeitura.santarosa.rs.gov.br\/index.php?rest_route=%2Fwp%2Fv2%2Fcomments&post=7888"}],"version-history":[{"count":1,"href":"https:\/\/prefeitura.santarosa.rs.gov.br\/index.php?rest_route=\/wp\/v2\/posts\/7888\/revisions"}],"predecessor-version":[{"id":7891,"href":"https:\/\/prefeitura.santarosa.rs.gov.br\/index.php?rest_route=\/wp\/v2\/posts\/7888\/revisions\/7891"}],"wp:featuredmedia":[{"embeddable":true,"href":"https:\/\/prefeitura.santarosa.rs.gov.br\/index.php?rest_route=\/wp\/v2\/media\/7890"}],"wp:attachment":[{"href":"https:\/\/prefeitura.santarosa.rs.gov.br\/index.php?rest_route=%2Fwp%2Fv2%2Fmedia&parent=7888"}],"wp:term":[{"taxonomy":"category","embeddable":true,"href":"https:\/\/prefeitura.santarosa.rs.gov.br\/index.php?rest_route=%2Fwp%2Fv2%2Fcategories&post=7888"},{"taxonomy":"post_tag","embeddable":true,"href":"https:\/\/prefeitura.santarosa.rs.gov.br\/index.php?rest_route=%2Fwp%2Fv2%2Ftags&post=7888"}],"curies":[{"name":"wp","href":"https:\/\/api.w.org\/{rel}","templated":true}]}}