{"id":7880,"date":"2023-08-17T10:03:06","date_gmt":"2023-08-17T13:03:06","guid":{"rendered":"https:\/\/prefeitura.santarosa.rs.gov.br\/?p=7880"},"modified":"2024-10-07T09:53:10","modified_gmt":"2024-10-07T12:53:10","slug":"fumssar-divulga-levantamento-que-aponta-baixo-risco-de-infestacao-de-dengue-em-santa-rosa","status":"publish","type":"post","link":"https:\/\/prefeitura.santarosa.rs.gov.br\/?p=7880","title":{"rendered":"<strong>FUMSSAR divulga levantamento que aponta baixo risco de infesta\u00e7\u00e3o de Dengue em Santa Rosa<\/strong>"},"content":{"rendered":"\n<figure class=\"wp-block-image size-full\"><img fetchpriority=\"high\" decoding=\"async\" width=\"860\" height=\"645\" src=\"https:\/\/prefeitura.santarosa.rs.gov.br\/wp-content\/uploads\/2023\/08\/Formato-Site-e-Portal-860X645-JPG-2023-08-17T095922.979.jpg\" alt=\"\" class=\"wp-image-7881\" srcset=\"https:\/\/prefeitura.santarosa.rs.gov.br\/wp-content\/uploads\/2023\/08\/Formato-Site-e-Portal-860X645-JPG-2023-08-17T095922.979.jpg 860w, https:\/\/prefeitura.santarosa.rs.gov.br\/wp-content\/uploads\/2023\/08\/Formato-Site-e-Portal-860X645-JPG-2023-08-17T095922.979-300x225.jpg 300w, https:\/\/prefeitura.santarosa.rs.gov.br\/wp-content\/uploads\/2023\/08\/Formato-Site-e-Portal-860X645-JPG-2023-08-17T095922.979-768x576.jpg 768w\" sizes=\"(max-width: 860px) 100vw, 860px\" \/><\/figure>\n\n\n\n<p>A FUMSSAR por meio da Vigil\u00e2ncia Ambiental, divulgou nesta quinta-feira (17), o resultado do 3\u00ba Levantamento de \u00cdndice R\u00e1pido para o Aedes aegypti (LIRAa) de 2023. Conforme os dados obtidos, Santa Rosa apresentou baixo risco de infesta\u00e7\u00e3o de dengue, febre de chikungunya e zika v\u00edrus. \u00a0A pesquisa realizada neste m\u00eas de agosto, em 1.380 im\u00f3veis do munic\u00edpio, demonstrou que 0,6% dos locais vistoriados contam com a presen\u00e7a do mosquito transmissor da dengue.<\/p>\n\n\n\n<p>O LIRAa \u00e9 uma a\u00e7\u00e3o desenvolvida pelo Minist\u00e9rio da Sa\u00fade, que permite a identifica\u00e7\u00e3o de \u00e1reas com maior ocorr\u00eancia de focos, bem como, dos criadouros predominantes, indicando o risco de infesta\u00e7\u00e3o do mosquito Aedes aegypti. A atividade \u00e9 realizada periodicamente, por meio da vistoria em im\u00f3veis do munic\u00edpio, onde ocorre a coleta de larvas para definir o \u00cdndice de Infesta\u00e7\u00e3o Predial (IIP) e o \u00cdndice de Infesta\u00e7\u00e3o em Dep\u00f3sitos (\u00cdndice de Breteau \u2013 IB). O Gerente das Vigil\u00e2ncias, Jairo Beal, destaca que a queda no \u00edndice do LIRAa era esperada devido \u00e0 \u00e9poca do ano, somada \u00e0s a\u00e7\u00f5es que a FUMSSAR realizou no combate ao Aedes, \u201cO resultado do LIRAa nos mostra que o trabalho de preven\u00e7\u00e3o e fiscaliza\u00e7\u00e3o que vem sendo realizado, gerou resultados. Pedimos para que a popula\u00e7\u00e3o continue realizando as medidas de preven\u00e7\u00e3o, principalmente nestes dias em que as temperaturas est\u00e3o subindo e para j\u00e1 nos prepararmos para o pr\u00f3ximo ver\u00e3o\u201d.<\/p>\n\n\n\n<p>De acordo com as Diretrizes Nacionais para Preven\u00e7\u00e3o e Controle de Epidemias de Dengue (2009), os par\u00e2metros para classifica\u00e7\u00e3o dos estratos e dos munic\u00edpios, quanto \u00e0 infesta\u00e7\u00e3o pelo Aedes aegypti s\u00e3o: menor que 0,9% \u2013 Baixo Risco; de 1% a 3,99% \u2013 M\u00e9dio Risco e acima de 3,99% \u2013 Alto Risco. Este levantamento realizado em agosto, mostrou os seguintes resultados: Estrato 01 = 0,7, Estrato 02 = 0,6 e Estrato 03 = 0,4, sendo ent\u00e3o a m\u00e9dia geral de Santa Rosa = 0,6, apresentando assim, baixo risco para o mun\u00edcipio. Para auxiliar no trabalho de fiscaliza\u00e7\u00e3o e vistorias dos domic\u00edlios, a FUMSSAR adquiriu no \u00faltimo m\u00eas, um drone. Mais uma ferramenta que vai possibilitar o avan\u00e7o no combate \u00e0 dengue em Santa Rosa.<\/p>\n","protected":false},"excerpt":{"rendered":"<p>A FUMSSAR por meio da Vigil\u00e2ncia Ambiental, divulgou nesta quinta-feira (17), o resultado do 3\u00ba Levantamento de \u00cdndice R\u00e1pido para<\/p>\n","protected":false},"author":6,"featured_media":7882,"comment_status":"closed","ping_status":"closed","sticky":false,"template":"","format":"standard","meta":{"footnotes":""},"categories":[7,4,8],"tags":[],"class_list":["post-7880","post","type-post","status-publish","format-standard","has-post-thumbnail","hentry","category-dengue","category-noticias","category-noticias-fumssar"],"aioseo_notices":[],"_links":{"self":[{"href":"https:\/\/prefeitura.santarosa.rs.gov.br\/index.php?rest_route=\/wp\/v2\/posts\/7880","targetHints":{"allow":["GET"]}}],"collection":[{"href":"https:\/\/prefeitura.santarosa.rs.gov.br\/index.php?rest_route=\/wp\/v2\/posts"}],"about":[{"href":"https:\/\/prefeitura.santarosa.rs.gov.br\/index.php?rest_route=\/wp\/v2\/types\/post"}],"author":[{"embeddable":true,"href":"https:\/\/prefeitura.santarosa.rs.gov.br\/index.php?rest_route=\/wp\/v2\/users\/6"}],"replies":[{"embeddable":true,"href":"https:\/\/prefeitura.santarosa.rs.gov.br\/index.php?rest_route=%2Fwp%2Fv2%2Fcomments&post=7880"}],"version-history":[{"count":1,"href":"https:\/\/prefeitura.santarosa.rs.gov.br\/index.php?rest_route=\/wp\/v2\/posts\/7880\/revisions"}],"predecessor-version":[{"id":7883,"href":"https:\/\/prefeitura.santarosa.rs.gov.br\/index.php?rest_route=\/wp\/v2\/posts\/7880\/revisions\/7883"}],"wp:featuredmedia":[{"embeddable":true,"href":"https:\/\/prefeitura.santarosa.rs.gov.br\/index.php?rest_route=\/wp\/v2\/media\/7882"}],"wp:attachment":[{"href":"https:\/\/prefeitura.santarosa.rs.gov.br\/index.php?rest_route=%2Fwp%2Fv2%2Fmedia&parent=7880"}],"wp:term":[{"taxonomy":"category","embeddable":true,"href":"https:\/\/prefeitura.santarosa.rs.gov.br\/index.php?rest_route=%2Fwp%2Fv2%2Fcategories&post=7880"},{"taxonomy":"post_tag","embeddable":true,"href":"https:\/\/prefeitura.santarosa.rs.gov.br\/index.php?rest_route=%2Fwp%2Fv2%2Ftags&post=7880"}],"curies":[{"name":"wp","href":"https:\/\/api.w.org\/{rel}","templated":true}]}}