{"id":7872,"date":"2023-08-16T15:11:52","date_gmt":"2023-08-16T18:11:52","guid":{"rendered":"https:\/\/prefeitura.santarosa.rs.gov.br\/?p=7872"},"modified":"2024-10-07T09:53:10","modified_gmt":"2024-10-07T12:53:10","slug":"programa-de-praticas-restaurativas-santa-rosa-pela-paz-e-destaque-no-rio-grande-do-sul","status":"publish","type":"post","link":"https:\/\/prefeitura.santarosa.rs.gov.br\/?p=7872","title":{"rendered":"<strong>Programa de Pr\u00e1ticas Restaurativas: Santa Rosa pela Paz \u00e9 destaque no Rio Grande do Sul<\/strong>"},"content":{"rendered":"\n<p><em>TCE-RS divulga estudo de mapeamento sobre seguran\u00e7a municipal e destaca iniciativa de Santa Rosa<\/em><\/p>\n\n\n\n<figure class=\"wp-block-image size-full\"><img fetchpriority=\"high\" decoding=\"async\" width=\"860\" height=\"645\" src=\"https:\/\/prefeitura.santarosa.rs.gov.br\/wp-content\/uploads\/2023\/08\/Formato-Site-e-Portal-860X645-JPG-2023-08-16T151058.025.jpg\" alt=\"\" class=\"wp-image-7873\" srcset=\"https:\/\/prefeitura.santarosa.rs.gov.br\/wp-content\/uploads\/2023\/08\/Formato-Site-e-Portal-860X645-JPG-2023-08-16T151058.025.jpg 860w, https:\/\/prefeitura.santarosa.rs.gov.br\/wp-content\/uploads\/2023\/08\/Formato-Site-e-Portal-860X645-JPG-2023-08-16T151058.025-300x225.jpg 300w, https:\/\/prefeitura.santarosa.rs.gov.br\/wp-content\/uploads\/2023\/08\/Formato-Site-e-Portal-860X645-JPG-2023-08-16T151058.025-768x576.jpg 768w\" sizes=\"(max-width: 860px) 100vw, 860px\" \/><\/figure>\n\n\n\n<p>Uma pesquisa divulgada neste m\u00eas, pelo Tribunal de Contas do Estado &#8211; TCE-RS, deu destaque para o Programa de Pr\u00e1ticas Restaurativas: Santa Rosa pela Paz, implementado pelo Governo Municipal. O documento \u201cMapeamento da Seguran\u00e7a P\u00fablica: Estruturas e Pol\u00edticas\u201d, contemplou 482 dos 497 munic\u00edpios do Rio Grande do Sul, ou seja, 96,9 % das cidades ga\u00fachas. No levantamento, 13 t\u00f3picos sobre seguran\u00e7a municipal foram analisados, destes, cinco foram atingidos por Santa Rosa.<\/p>\n\n\n\n<p>Para responder aos question\u00e1rios do mapeamento, solicitados pelo TCE-RS, a equipe da Unidade Central de Controle Interno de Santa Rosa buscou informa\u00e7\u00f5es com as secretarias sobre a seguran\u00e7a p\u00fablica do munic\u00edpio. A partir dos dados enviados, foi finalizado o levantamento, com foco nas estruturas existentes e nas pol\u00edticas p\u00fablicas em curso. O trabalho permitiu identificar car\u00eancias quanto \u00e0s estruturas na \u00e1rea da seguran\u00e7a, mas tamb\u00e9m exaltou os trabalhos que j\u00e1 s\u00e3o realizados nos munic\u00edpios, como \u00e9 o caso do Programa de Pr\u00e1ticas Restaurativas: Santa Rosa pela Paz, que recebeu destaque do Tribunal de Contas. Apenas 19 munic\u00edpios ga\u00fachos (3,9%) informaram possuir algum projeto com justi\u00e7a restaurativa em andamento, entre eles, o de Santa Rosa.<\/p>\n\n\n\n<p>A a\u00e7\u00e3o \u00e9 promovida pelo Governo Municipal, por meio da Secretaria de Educa\u00e7\u00e3o e Cultura, nas escolas da Rede Municipal de Ensino e conta com a participa\u00e7\u00e3o de facilitadores formados para realizar os C\u00edrculos de Paz. Criado pela Lei Municipal n\u00b0 5.467\/2018, o programa tem como base a Justi\u00e7a Restaurativa, m\u00e9todo que busca valorizar a autonomia e o di\u00e1logo, criando oportunidades para que as pessoas envolvidas em algum conflito, possam conversar e entender a causa real do problema, a fim de restaurar a harmonia e o equil\u00edbrio entre todos. A Secret\u00e1ria de Educa\u00e7\u00e3o e Cultura, Lires Zimmermann, destaca a import\u00e2ncia deste reconhecimento e de dar continuidade a este grande projeto, \u201cEstamos muito contentes em receber este reconhecimento do trabalho realizado nas nossas escolas atrav\u00e9s do Programa Santa Rosa pela Paz. Sabemos da import\u00e2ncia de levar para os alunos, uma reflex\u00e3o sobre a cultura de paz na sociedade em que vivemos, desenvolvendo pr\u00e1ticas de boa conviv\u00eancia e respeito, dentro e fora da escola\u201d.<\/p>\n\n\n\n<p>Confira abaixo, os demais t\u00f3picos do mapeamento, em que Santa Rosa teve destaque:<\/p>\n\n\n\n<p>&#8211; Possui Conselho Municipal de Seguran\u00e7a (Santa Rosa \u00e9 um dos 59 munic\u00edpios do RS, que possuem Conselhos Municipais de Seguran\u00e7a).<\/p>\n\n\n\n<p>&nbsp;&#8211; Possui gest\u00e3o sobre sistema de c\u00e2meras de vigil\u00e2ncia (Santa Rosa \u00e9 um dos 222 munic\u00edpios que informaram ter este controle).<\/p>\n\n\n\n<p>&#8211; Possui alguma pol\u00edtica para a preven\u00e7\u00e3o da viol\u00eancia dom\u00e9stica (Santa Rosa est\u00e1 entre os 116 munic\u00edpios ga\u00fachos que informaram trabalhar com pol\u00edticas de preven\u00e7\u00e3o \u00e0 viol\u00eancia dom\u00e9stica).<\/p>\n\n\n\n<p>&#8211; Possui pol\u00edtica p\u00fablica pr\u00f3pria para a preven\u00e7\u00e3o do bullying escolar e outras formas de viol\u00eancia nas institui\u00e7\u00f5es de ensino municipal (Santa Rosa \u00e9 um dos 58 dos munic\u00edpios que informaram possuir este tipo de pol\u00edtica p\u00fablica).<\/p>\n","protected":false},"excerpt":{"rendered":"<p>TCE-RS divulga estudo de mapeamento sobre seguran\u00e7a municipal e destaca iniciativa de Santa Rosa Uma pesquisa divulgada neste m\u00eas, pelo<\/p>\n","protected":false},"author":6,"featured_media":7874,"comment_status":"closed","ping_status":"closed","sticky":false,"template":"","format":"standard","meta":{"footnotes":""},"categories":[4,18],"tags":[],"class_list":["post-7872","post","type-post","status-publish","format-standard","has-post-thumbnail","hentry","category-noticias","category-secretaria-municipal-de-educacao-e-cultura"],"aioseo_notices":[],"_links":{"self":[{"href":"https:\/\/prefeitura.santarosa.rs.gov.br\/index.php?rest_route=\/wp\/v2\/posts\/7872","targetHints":{"allow":["GET"]}}],"collection":[{"href":"https:\/\/prefeitura.santarosa.rs.gov.br\/index.php?rest_route=\/wp\/v2\/posts"}],"about":[{"href":"https:\/\/prefeitura.santarosa.rs.gov.br\/index.php?rest_route=\/wp\/v2\/types\/post"}],"author":[{"embeddable":true,"href":"https:\/\/prefeitura.santarosa.rs.gov.br\/index.php?rest_route=\/wp\/v2\/users\/6"}],"replies":[{"embeddable":true,"href":"https:\/\/prefeitura.santarosa.rs.gov.br\/index.php?rest_route=%2Fwp%2Fv2%2Fcomments&post=7872"}],"version-history":[{"count":1,"href":"https:\/\/prefeitura.santarosa.rs.gov.br\/index.php?rest_route=\/wp\/v2\/posts\/7872\/revisions"}],"predecessor-version":[{"id":7875,"href":"https:\/\/prefeitura.santarosa.rs.gov.br\/index.php?rest_route=\/wp\/v2\/posts\/7872\/revisions\/7875"}],"wp:featuredmedia":[{"embeddable":true,"href":"https:\/\/prefeitura.santarosa.rs.gov.br\/index.php?rest_route=\/wp\/v2\/media\/7874"}],"wp:attachment":[{"href":"https:\/\/prefeitura.santarosa.rs.gov.br\/index.php?rest_route=%2Fwp%2Fv2%2Fmedia&parent=7872"}],"wp:term":[{"taxonomy":"category","embeddable":true,"href":"https:\/\/prefeitura.santarosa.rs.gov.br\/index.php?rest_route=%2Fwp%2Fv2%2Fcategories&post=7872"},{"taxonomy":"post_tag","embeddable":true,"href":"https:\/\/prefeitura.santarosa.rs.gov.br\/index.php?rest_route=%2Fwp%2Fv2%2Ftags&post=7872"}],"curies":[{"name":"wp","href":"https:\/\/api.w.org\/{rel}","templated":true}]}}