{"id":786,"date":"2021-10-15T16:20:00","date_gmt":"2021-10-15T19:20:00","guid":{"rendered":"https:\/\/prefeitura.santarosa.rs.gov.br\/?p=786"},"modified":"2024-10-07T09:54:43","modified_gmt":"2024-10-07T12:54:43","slug":"agente-mirim-contra-a-dengue","status":"publish","type":"post","link":"https:\/\/prefeitura.santarosa.rs.gov.br\/?p=786","title":{"rendered":"Agente Mirim contra a Dengue"},"content":{"rendered":"\n<p>Os agentes entregam panfletos educativos e conversam sobre a import\u00e2ncia das medidas de preven\u00e7\u00e3o<\/p>\n\n\n\n<p>A Funda\u00e7\u00e3o Municipal de Sa\u00fade de Santa Rosa, por meio da Vigil\u00e2ncia Ambiental vem desenvolvendo diversas a\u00e7\u00f5es de conscientiza\u00e7\u00e3o no combate ao mosquito Aedes Aegypti. Uma delas \u00e9 a visita dos agentes de combate \u00e0s endemias e da mascote do mosquito da dengue nas escolas do munic\u00edpio. A visita tem o objetivo de apresentar para os alunos, o projeto: \u201cCombatente Mirim do Aedes Aegypti\u201d. Os agentes entregam panfletos educativos e conversam sobre a import\u00e2ncia das medidas de preven\u00e7\u00e3o.<br><br>Na \u00faltima semana, foi realizada uma visita no Instituto Sinodal da Paz. Os estudantes do 3\u00ba ano do Ensino Fundamental foram convidados para atuar como Agentes Mirins contra a Dengue. O projeto convida os alunos a realizar nas suas casas e nas casas dos vizinhos, uma vistoria em busca de focos da dengue. Nas vistorias, s\u00e3o verificados itens como, pneus, ralos de cozinha, potes\/vasos de flores, caixa de \u00e1gua, piscinas, garrafas e locais que possam ter \u00e1gua parada. A Diretora do Instituto Sinodal da Paz, Leila Rubia Zielke Rebellato, destaca a import\u00e2ncia de inserir os pequenos nesta grande tarefa, \u201cN\u00f3s acreditamos que conscientizando nossos alunos agora, eles v\u00e3o levar esse h\u00e1bito para sua vida adulta e enquanto agentes mirins, v\u00e3o tamb\u00e9m levar para os pais ou respons\u00e1veis, a import\u00e2ncia de cuidar do meio ambiente. Assim teremos qualidade de vida, sem doen\u00e7as transmitidas pelo mosquito da dengue\u201d.<br><br>Depois de realizadas as vistorias pelos combatentes mirins, os agentes de combate \u00e0s endemias retornam \u00e0 escola. Nesse reencontro, s\u00e3o recolhidos os relat\u00f3rios das visitas realizadas por cada estudante. Para o Gerente das Vigil\u00e2ncias, Jairo Beal, esse \u00e9 um projeto educativo e de preven\u00e7\u00e3o, que incentiva as crian\u00e7as desde cedo, a serem respons\u00e1veis pelo local onde vivem, \u201cEstamos nos aproximando de uma \u00e9poca do ano onde temos per\u00edodos de bastante chuva e sol, situa\u00e7\u00e3o prop\u00edcia para uma maior prolifera\u00e7\u00e3o de focos de dengue. Por isso, a import\u00e2ncia de apresentarmos projetos nas escolas, como este do Agente Mirim contra a Dengue, despertando nos jovens, o h\u00e1bito da preven\u00e7\u00e3o e do combate ao Aedes Aegypti\u201d.<br><br>A Vigil\u00e2ncia Ambiental est\u00e1 \u00e0 disposi\u00e7\u00e3o para apresentar o projeto do Agente Mirim contra a Dengue nas escolas, municipais, estaduais e privadas de Santa Rosa. As institui\u00e7\u00f5es de ensino interessadas, podem entrar em contato com a FUMSSAR, pelo telefone: (55) 3513-5148 e agendar uma visita dos agentes e da mascote para os alunos.<\/p>\n","protected":false},"excerpt":{"rendered":"<p>Os agentes entregam panfletos educativos e conversam sobre a import\u00e2ncia das medidas de preven\u00e7\u00e3o A Funda\u00e7\u00e3o Municipal de Sa\u00fade de<\/p>\n","protected":false},"author":3,"featured_media":787,"comment_status":"open","ping_status":"open","sticky":false,"template":"","format":"standard","meta":{"footnotes":""},"categories":[4,8],"tags":[],"class_list":["post-786","post","type-post","status-publish","format-standard","has-post-thumbnail","hentry","category-noticias","category-noticias-fumssar"],"aioseo_notices":[],"_links":{"self":[{"href":"https:\/\/prefeitura.santarosa.rs.gov.br\/index.php?rest_route=\/wp\/v2\/posts\/786","targetHints":{"allow":["GET"]}}],"collection":[{"href":"https:\/\/prefeitura.santarosa.rs.gov.br\/index.php?rest_route=\/wp\/v2\/posts"}],"about":[{"href":"https:\/\/prefeitura.santarosa.rs.gov.br\/index.php?rest_route=\/wp\/v2\/types\/post"}],"author":[{"embeddable":true,"href":"https:\/\/prefeitura.santarosa.rs.gov.br\/index.php?rest_route=\/wp\/v2\/users\/3"}],"replies":[{"embeddable":true,"href":"https:\/\/prefeitura.santarosa.rs.gov.br\/index.php?rest_route=%2Fwp%2Fv2%2Fcomments&post=786"}],"version-history":[{"count":1,"href":"https:\/\/prefeitura.santarosa.rs.gov.br\/index.php?rest_route=\/wp\/v2\/posts\/786\/revisions"}],"predecessor-version":[{"id":788,"href":"https:\/\/prefeitura.santarosa.rs.gov.br\/index.php?rest_route=\/wp\/v2\/posts\/786\/revisions\/788"}],"wp:featuredmedia":[{"embeddable":true,"href":"https:\/\/prefeitura.santarosa.rs.gov.br\/index.php?rest_route=\/wp\/v2\/media\/787"}],"wp:attachment":[{"href":"https:\/\/prefeitura.santarosa.rs.gov.br\/index.php?rest_route=%2Fwp%2Fv2%2Fmedia&parent=786"}],"wp:term":[{"taxonomy":"category","embeddable":true,"href":"https:\/\/prefeitura.santarosa.rs.gov.br\/index.php?rest_route=%2Fwp%2Fv2%2Fcategories&post=786"},{"taxonomy":"post_tag","embeddable":true,"href":"https:\/\/prefeitura.santarosa.rs.gov.br\/index.php?rest_route=%2Fwp%2Fv2%2Ftags&post=786"}],"curies":[{"name":"wp","href":"https:\/\/api.w.org\/{rel}","templated":true}]}}