{"id":7842,"date":"2023-08-13T22:40:56","date_gmt":"2023-08-14T01:40:56","guid":{"rendered":"https:\/\/prefeitura.santarosa.rs.gov.br\/?p=7842"},"modified":"2024-10-07T09:53:10","modified_gmt":"2024-10-07T12:53:10","slug":"edicao-historica-do-hortigranjeiros-encerra-com-mais-de-170-mil-visitantes","status":"publish","type":"post","link":"https:\/\/prefeitura.santarosa.rs.gov.br\/?p=7842","title":{"rendered":"<strong>Edi\u00e7\u00e3o hist\u00f3rica do Hortigranjeiros encerra com mais de 170 mil visitantes<\/strong>"},"content":{"rendered":"\n<figure class=\"wp-block-image size-full\"><img fetchpriority=\"high\" decoding=\"async\" width=\"860\" height=\"645\" src=\"https:\/\/prefeitura.santarosa.rs.gov.br\/wp-content\/uploads\/2023\/08\/Formato-Site-e-Portal-860X645-JPG-1.png\" alt=\"\" class=\"wp-image-7843\" srcset=\"https:\/\/prefeitura.santarosa.rs.gov.br\/wp-content\/uploads\/2023\/08\/Formato-Site-e-Portal-860X645-JPG-1.png 860w, https:\/\/prefeitura.santarosa.rs.gov.br\/wp-content\/uploads\/2023\/08\/Formato-Site-e-Portal-860X645-JPG-1-300x225.png 300w, https:\/\/prefeitura.santarosa.rs.gov.br\/wp-content\/uploads\/2023\/08\/Formato-Site-e-Portal-860X645-JPG-1-768x576.png 768w\" sizes=\"(max-width: 860px) 100vw, 860px\" \/><\/figure>\n\n\n\n<p>No final da tarde deste domingo (13\/08), foi realizado o ato de encerramento do 34\u00ba Encontro Estadual de Hortigranjeiros, uma edi\u00e7\u00e3o hist\u00f3rica que celebrou os 40 anos do evento. A a\u00e7\u00e3o foi realizada no Audit\u00f3rio do Centro Administrativo do Parque de Exposi\u00e7\u00f5es Alfredo Leandro Carlson e reuniu autoridades e membros das comiss\u00f5es. Com mais de 600 expositores e 184 volunt\u00e1rios, a feira que aconteceu durante cinco dias, encerra com recorde de p\u00fablico, 171.500 mil visitantes.<\/p>\n\n\n\n<p>Os n\u00fameros oficiais foram repassados pela Comiss\u00e3o de Seguran\u00e7a, coordenada pelo Major Valtair Dornelles, Comandante da Brigada Militar, \u201cFoi uma feira muito tranquila e segura, n\u00e3o tivemos nenhum problema interno, nem no tr\u00e2nsito\u201d, destacou o Major. O Hortigranjeiros contou com a participa\u00e7\u00e3o do efetivo de 28 da Brigada Militar, 32 profissionais de empresa privada de seguran\u00e7a, al\u00e9m do sistema de monitoramento com 49 c\u00e2meras instaladas por todo o parque. O Presidente da 34\u00aa edi\u00e7\u00e3o da feira, Marcos Servat, junto com a equipe organizadora do evento, ressaltou o sentimento de alegria e de dever cumprido, \u201cNosso agradecimento a todos os parceiros que se uniram para transformar o sonho em realidade, em tudo o que se viveu durante o Hortigranjeiros. Satisfa\u00e7\u00e3o de trabalhar com uma grande equipe que gerou grandes resultados. Foram 608 expositores, tornando o Hortigranjeiros a maior feira do sul do pa\u00eds\u201d.<\/p>\n\n\n\n<p>O expressivo n\u00famero de visitantes foi motivo de satisfa\u00e7\u00e3o para os expositores. No quarto dia de evento, alguns j\u00e1 haviam comercializado praticamente todo o estoque. A artes\u00e3 Luciele Boiczuk, que estava com seu espa\u00e7o no Pavilh\u00e3o da Economia Solid\u00e1ria, destacou que as expectativas foram superadas, \u201cVendi muito mais que a expectativa, precisei produzir mais neste domingo de manh\u00e3, pois j\u00e1 havia vendido quase tudo. O Hortigranjeiros \u00e9 realmente uma feira muito boa para os neg\u00f3cios\u201d. O vice-presidente da da Associa\u00e7\u00e3o dos Produtores de Hortigranjeiros &#8211; Aprhorosa, Jos\u00e9 Nelson Batista, emocionado, destacou a import\u00e2ncia da uni\u00e3o entre as entidades promotoras, \u201cForam cinco dias intensos de muita emo\u00e7\u00e3o e de uni\u00e3o, uni\u00e3o de pessoas que com muito esfor\u00e7o e trabalho constru\u00edram esta feira que nos d\u00e1 tanto orgulho\u201d.<\/p>\n\n\n\n<p>As comiss\u00f5es participaram do ato de encerramento oficial e comemoraram o sucesso da feira e os resultados obtidos. O Prefeito de Santa Rosa, Anderson Mantei, que participou de todos os dias, tamb\u00e9m celebrou o sucesso desta edi\u00e7\u00e3o, \u201cEstamos muito satisfeitos com tudo o que vimos nestes cinco dias de Hortigranjeiros. P\u00fablico, volunt\u00e1rios, expositores, patrocinadores e apoiadores fizeram desta uma feira hist\u00f3rica e de sucesso. Fica aqui o nosso reconhecimento e gratid\u00e3o por todo o trabalho realizado\u201d. O 34\u00ba Hortigranjeiros aconteceu de 09 a 13 de agosto. O evento foi promovido pela Prefeitura de Santa Rosa, Emater\/RS-Ascar e Aprhorosa, com envolvimento de diversos patrocinadores e apoiadores.<\/p>\n\n\n\n<figure class=\"wp-block-gallery columns-2 is-cropped wp-block-gallery-1 is-layout-flex wp-block-gallery-is-layout-flex\"><ul class=\"blocks-gallery-grid\"><li class=\"blocks-gallery-item\"><figure><img decoding=\"async\" width=\"860\" height=\"645\" src=\"https:\/\/prefeitura.santarosa.rs.gov.br\/wp-content\/uploads\/2023\/08\/encerramento-02.png\" alt=\"\" data-id=\"7844\" class=\"wp-image-7844\" srcset=\"https:\/\/prefeitura.santarosa.rs.gov.br\/wp-content\/uploads\/2023\/08\/encerramento-02.png 860w, https:\/\/prefeitura.santarosa.rs.gov.br\/wp-content\/uploads\/2023\/08\/encerramento-02-300x225.png 300w, https:\/\/prefeitura.santarosa.rs.gov.br\/wp-content\/uploads\/2023\/08\/encerramento-02-768x576.png 768w\" sizes=\"(max-width: 860px) 100vw, 860px\" \/><\/figure><\/li><li class=\"blocks-gallery-item\"><figure><img decoding=\"async\" width=\"860\" height=\"645\" src=\"https:\/\/prefeitura.santarosa.rs.gov.br\/wp-content\/uploads\/2023\/08\/encerramento-03.png\" alt=\"\" data-id=\"7845\" data-full-url=\"https:\/\/prefeitura.santarosa.rs.gov.br\/wp-content\/uploads\/2023\/08\/encerramento-03.png\" data-link=\"https:\/\/prefeitura.santarosa.rs.gov.br\/?attachment_id=7845\" class=\"wp-image-7845\" srcset=\"https:\/\/prefeitura.santarosa.rs.gov.br\/wp-content\/uploads\/2023\/08\/encerramento-03.png 860w, https:\/\/prefeitura.santarosa.rs.gov.br\/wp-content\/uploads\/2023\/08\/encerramento-03-300x225.png 300w, https:\/\/prefeitura.santarosa.rs.gov.br\/wp-content\/uploads\/2023\/08\/encerramento-03-768x576.png 768w\" sizes=\"(max-width: 860px) 100vw, 860px\" \/><\/figure><\/li><\/ul><\/figure>\n","protected":false},"excerpt":{"rendered":"<p>No final da tarde deste domingo (13\/08), foi realizado o ato de encerramento do 34\u00ba Encontro Estadual de Hortigranjeiros, uma<\/p>\n","protected":false},"author":6,"featured_media":7843,"comment_status":"closed","ping_status":"closed","sticky":false,"template":"","format":"standard","meta":{"footnotes":""},"categories":[4,15,3],"tags":[],"class_list":["post-7842","post","type-post","status-publish","format-standard","has-post-thumbnail","hentry","category-noticias","category-secretaria-municipal-de-comunicacao","category-gabinete-do-prefeito"],"aioseo_notices":[],"_links":{"self":[{"href":"https:\/\/prefeitura.santarosa.rs.gov.br\/index.php?rest_route=\/wp\/v2\/posts\/7842","targetHints":{"allow":["GET"]}}],"collection":[{"href":"https:\/\/prefeitura.santarosa.rs.gov.br\/index.php?rest_route=\/wp\/v2\/posts"}],"about":[{"href":"https:\/\/prefeitura.santarosa.rs.gov.br\/index.php?rest_route=\/wp\/v2\/types\/post"}],"author":[{"embeddable":true,"href":"https:\/\/prefeitura.santarosa.rs.gov.br\/index.php?rest_route=\/wp\/v2\/users\/6"}],"replies":[{"embeddable":true,"href":"https:\/\/prefeitura.santarosa.rs.gov.br\/index.php?rest_route=%2Fwp%2Fv2%2Fcomments&post=7842"}],"version-history":[{"count":1,"href":"https:\/\/prefeitura.santarosa.rs.gov.br\/index.php?rest_route=\/wp\/v2\/posts\/7842\/revisions"}],"predecessor-version":[{"id":7846,"href":"https:\/\/prefeitura.santarosa.rs.gov.br\/index.php?rest_route=\/wp\/v2\/posts\/7842\/revisions\/7846"}],"wp:featuredmedia":[{"embeddable":true,"href":"https:\/\/prefeitura.santarosa.rs.gov.br\/index.php?rest_route=\/wp\/v2\/media\/7843"}],"wp:attachment":[{"href":"https:\/\/prefeitura.santarosa.rs.gov.br\/index.php?rest_route=%2Fwp%2Fv2%2Fmedia&parent=7842"}],"wp:term":[{"taxonomy":"category","embeddable":true,"href":"https:\/\/prefeitura.santarosa.rs.gov.br\/index.php?rest_route=%2Fwp%2Fv2%2Fcategories&post=7842"},{"taxonomy":"post_tag","embeddable":true,"href":"https:\/\/prefeitura.santarosa.rs.gov.br\/index.php?rest_route=%2Fwp%2Fv2%2Ftags&post=7842"}],"curies":[{"name":"wp","href":"https:\/\/api.w.org\/{rel}","templated":true}]}}