{"id":7836,"date":"2023-08-13T16:31:14","date_gmt":"2023-08-13T19:31:14","guid":{"rendered":"https:\/\/prefeitura.santarosa.rs.gov.br\/?p=7836"},"modified":"2024-10-07T09:53:10","modified_gmt":"2024-10-07T12:53:10","slug":"mostra-de-plantas-medicinais-foi-uma-das-atracoes-permanentes-do-hortigranjeiros","status":"publish","type":"post","link":"https:\/\/prefeitura.santarosa.rs.gov.br\/?p=7836","title":{"rendered":"<strong>Mostra de Plantas Medicinais foi uma das atra\u00e7\u00f5es permanentes do Hortigranjeiros<\/strong>"},"content":{"rendered":"\n<p><em><strong>Um dos destaques foi o artesanato em l\u00e3 com tingimento por plantas<\/strong><\/em><\/p>\n\n\n\n<figure class=\"wp-block-image size-full\"><img fetchpriority=\"high\" decoding=\"async\" width=\"860\" height=\"645\" src=\"https:\/\/prefeitura.santarosa.rs.gov.br\/wp-content\/uploads\/2023\/08\/Formato-Site-e-Portal-860X645-JPG-12.jpg\" alt=\"\" class=\"wp-image-7837\" srcset=\"https:\/\/prefeitura.santarosa.rs.gov.br\/wp-content\/uploads\/2023\/08\/Formato-Site-e-Portal-860X645-JPG-12.jpg 860w, https:\/\/prefeitura.santarosa.rs.gov.br\/wp-content\/uploads\/2023\/08\/Formato-Site-e-Portal-860X645-JPG-12-300x225.jpg 300w, https:\/\/prefeitura.santarosa.rs.gov.br\/wp-content\/uploads\/2023\/08\/Formato-Site-e-Portal-860X645-JPG-12-768x576.jpg 768w\" sizes=\"(max-width: 860px) 100vw, 860px\" \/><\/figure>\n\n\n\n<p>Durante os cinco dias do 34\u00ba Hortigranjeiros, os visitantes da feira tiveram acesso \u00e0 Mostra de Plantas Medicinais. Localizada no Pavilh\u00e3o 12, da Agroind\u00fastria e Hortigranjeiros, o espa\u00e7o contou com a\u00e7\u00f5es educativas sobre nutri\u00e7\u00e3o: brotos e gr\u00e3os germinados. Um dos destaques da mostra foi o uso das plantas bioativas para o tingimento da l\u00e3 ovina para confec\u00e7\u00e3o de vestu\u00e1rios e de artesanatos.<\/p>\n\n\n\n<p>Durante a visita ao espa\u00e7o, a coordenadora da Comiss\u00e3o de Plantas Medicinais, Lisete Primaz, que \u00e9 assistente t\u00e9cnica regional social da Emater\/RS-Ascar, explicava as diferen\u00e7as e caracter\u00edsticas dos brotos e gr\u00e3os germinados. O artesanato em l\u00e3 era feito na hora e tingido por plantas. As pe\u00e7as eram banhadas no ch\u00e1 da folha da goiabeira ou cora\u00e7\u00e3o da banana, que abre a fibra para receber a tinta que \u00e9 feita de diversos outros ch\u00e1s.<\/p>\n\n\n\n<p>A artes\u00e3 Dalva Mothci, respons\u00e1vel pelo trabalho com a l\u00e3, veio de S\u00e3o Miguel das Miss\u00f5es para participar do Hortigranjeiros e destacou como foi a experi\u00eancia, \u201cFoi muito bom participar deste evento, todo mundo chega, pergunta e tem interesse em saber como funciona o nosso trabalho. Foi uma experi\u00eancia \u00f3tima e gratificante\u201d. Neste domingo (13), \u00faltimo dia do evento, o p\u00fablico aproveitou o dia ensolarado para conferir as atra\u00e7\u00f5es dos mais de 600 expositores do evento. A cerim\u00f4nia de encerramento acontece \u00e0s 18h30min, no Parque de Exposi\u00e7\u00f5es.<\/p>\n","protected":false},"excerpt":{"rendered":"<p>Um dos destaques foi o artesanato em l\u00e3 com tingimento por plantas Durante os cinco dias do 34\u00ba Hortigranjeiros, os<\/p>\n","protected":false},"author":6,"featured_media":7837,"comment_status":"closed","ping_status":"closed","sticky":false,"template":"","format":"standard","meta":{"footnotes":""},"categories":[4,15],"tags":[],"class_list":["post-7836","post","type-post","status-publish","format-standard","has-post-thumbnail","hentry","category-noticias","category-secretaria-municipal-de-comunicacao"],"aioseo_notices":[],"_links":{"self":[{"href":"https:\/\/prefeitura.santarosa.rs.gov.br\/index.php?rest_route=\/wp\/v2\/posts\/7836","targetHints":{"allow":["GET"]}}],"collection":[{"href":"https:\/\/prefeitura.santarosa.rs.gov.br\/index.php?rest_route=\/wp\/v2\/posts"}],"about":[{"href":"https:\/\/prefeitura.santarosa.rs.gov.br\/index.php?rest_route=\/wp\/v2\/types\/post"}],"author":[{"embeddable":true,"href":"https:\/\/prefeitura.santarosa.rs.gov.br\/index.php?rest_route=\/wp\/v2\/users\/6"}],"replies":[{"embeddable":true,"href":"https:\/\/prefeitura.santarosa.rs.gov.br\/index.php?rest_route=%2Fwp%2Fv2%2Fcomments&post=7836"}],"version-history":[{"count":1,"href":"https:\/\/prefeitura.santarosa.rs.gov.br\/index.php?rest_route=\/wp\/v2\/posts\/7836\/revisions"}],"predecessor-version":[{"id":7838,"href":"https:\/\/prefeitura.santarosa.rs.gov.br\/index.php?rest_route=\/wp\/v2\/posts\/7836\/revisions\/7838"}],"wp:featuredmedia":[{"embeddable":true,"href":"https:\/\/prefeitura.santarosa.rs.gov.br\/index.php?rest_route=\/wp\/v2\/media\/7837"}],"wp:attachment":[{"href":"https:\/\/prefeitura.santarosa.rs.gov.br\/index.php?rest_route=%2Fwp%2Fv2%2Fmedia&parent=7836"}],"wp:term":[{"taxonomy":"category","embeddable":true,"href":"https:\/\/prefeitura.santarosa.rs.gov.br\/index.php?rest_route=%2Fwp%2Fv2%2Fcategories&post=7836"},{"taxonomy":"post_tag","embeddable":true,"href":"https:\/\/prefeitura.santarosa.rs.gov.br\/index.php?rest_route=%2Fwp%2Fv2%2Ftags&post=7836"}],"curies":[{"name":"wp","href":"https:\/\/api.w.org\/{rel}","templated":true}]}}