{"id":7819,"date":"2023-08-12T12:01:30","date_gmt":"2023-08-12T15:01:30","guid":{"rendered":"https:\/\/prefeitura.santarosa.rs.gov.br\/?p=7819"},"modified":"2024-10-07T09:53:10","modified_gmt":"2024-10-07T12:53:10","slug":"sessao-especial-da-camara-de-vereadores-e-realizada-no-hortigranjeiros","status":"publish","type":"post","link":"https:\/\/prefeitura.santarosa.rs.gov.br\/?p=7819","title":{"rendered":"<strong>Sess\u00e3o especial da C\u00e2mara de Vereadores \u00e9 realizada no Hortigranjeiros<\/strong>"},"content":{"rendered":"\n<p><em>Hortigranjeiros, Mercado P\u00fablico e Aprhorosa recebem homenagem<\/em><\/p>\n\n\n\n<figure class=\"wp-block-image size-full\"><img fetchpriority=\"high\" decoding=\"async\" width=\"860\" height=\"645\" src=\"https:\/\/prefeitura.santarosa.rs.gov.br\/wp-content\/uploads\/2023\/08\/Formato-Site-e-Portal-860X645-JPG-8.jpg\" alt=\"\" class=\"wp-image-7820\" srcset=\"https:\/\/prefeitura.santarosa.rs.gov.br\/wp-content\/uploads\/2023\/08\/Formato-Site-e-Portal-860X645-JPG-8.jpg 860w, https:\/\/prefeitura.santarosa.rs.gov.br\/wp-content\/uploads\/2023\/08\/Formato-Site-e-Portal-860X645-JPG-8-300x225.jpg 300w, https:\/\/prefeitura.santarosa.rs.gov.br\/wp-content\/uploads\/2023\/08\/Formato-Site-e-Portal-860X645-JPG-8-768x576.jpg 768w\" sizes=\"(max-width: 860px) 100vw, 860px\" \/><\/figure>\n\n\n\n<p><em>O quarto dia do 34\u00ba Hortigranjeiros iniciou em clima de gratid\u00e3o e celebra\u00e7\u00e3o. Foi realizada na manh\u00e3 deste s\u00e1bado (12), uma sess\u00e3o especial promovida pela C\u00e2mara de Vereadores de Santa Rosa. A a\u00e7\u00e3o aconteceu no Parque de Exposi\u00e7\u00f5es Alfredo Leandro Carlson e reuniu autoridades e institui\u00e7\u00f5es do munic\u00edpio. Na oportunidade, foi realizada uma homenagem aos 40 anos do Hortigranjeiros, 35 anos do Mercado P\u00fablico e da <\/em>Associa\u00e7\u00e3o dos Produtores de Hortigranjeiros de Santa Rosa \u2013 <em>Aprhorosa.<\/em><\/p>\n\n\n\n<p><em>As homenagens iniciaram com a Vereadora Cl\u00e9o Brinhol, proponente da men\u00e7\u00e3o honrosa \u00e0 Aprhorosa, \u201cTemos muito orgulho dos nossos produtores do mercado p\u00fablico que congrega a nossa comunidade e que nos proporciona produtos de qualidade. Estou muito contente em realizar este reconhecimento e agradecer todo o trabalho realizado\u201d, destacou a vereadora. Representando a Aprhorosa, o vice-presidente da Associa\u00e7\u00e3o, Juca Batista recebeu a placa emocionado e agradeceu o reconhecimento. Em seguida, o Vereador Douglas Calixto, proponente da men\u00e7\u00e3o honrosa ao Hortigranjeiros e ao Mercado P\u00fablico, ressaltou a import\u00e2ncia deste momento, \u201cEstamos aqui reconhecendo a hist\u00f3ria e o trabalho de pessoas que amam Santa Rosa e que pensaram e pensam em promover uma constante evolu\u00e7\u00e3o do munic\u00edpio. Esta homenagem \u00e9 um gesto de gratid\u00e3o por tudo o que constru\u00edram e fizeram em prol de todos os santa-rosenses&#8221;.<\/em><\/p>\n\n\n\n<p><em>Os presentes tamb\u00e9m participaram de um caf\u00e9 de confraterniza\u00e7\u00e3o. O Presidente do 34\u00ba Hortigranjeiros, Marcos Servat, agradeceu os vereadores, a Aprhorosa e o importante apoio do Governo Municipal para que hoje, este evento fosse uma realidade, &#8220;\u00c9 uma satisfa\u00e7\u00e3o neste momento estarmos comemorando os 40 anos do Hortigranjeiros e receber esta homenagem que reconhece o trabalho de cada um dos presidentes, equipes e volunt\u00e1rios que constru\u00edram a nossa feira&#8221;. O Hortigranjeiros aproveitou a oportunidade e tamb\u00e9m homenageou os demais promotores da feira, a Emater, a Aprhorosa e a Prefeitura de Santa Rosa.<\/em><\/p>\n\n\n\n<p><em>Para encerrar, o Prefeito Anderson Mantei que recebeu a placa de men\u00e7\u00e3o honrosa em nome do Mercado P\u00fablico, destacou a a\u00e7\u00e3o, \u201cObrigad<\/em><em>o<\/em><em> C\u00e2mara de Vereadores por esta justa homenagem. Esta comunidade s\u00f3 est\u00e1 <\/em><em>avan\u00e7ando<\/em><em> porque temos unidade, pessoas com um \u00fanico prop\u00f3sito, promover o desenvolvimento e a qualidade de vida da nossa querida Santa Rosa\u201d. <\/em><em>A C\u00e2mara de Vereadores tamb\u00e9m homenageou todos os ex-presidentes das edi\u00e7\u00f5es anteriores do Hortigranjeiros. A feira vai at\u00e9 este domingo (13), quando ser\u00e1 realizado \u00e0s 18h30min, o encerramento.<\/em><\/p>\n","protected":false},"excerpt":{"rendered":"<p>Hortigranjeiros, Mercado P\u00fablico e Aprhorosa recebem homenagem O quarto dia do 34\u00ba Hortigranjeiros iniciou em clima de gratid\u00e3o e celebra\u00e7\u00e3o.<\/p>\n","protected":false},"author":6,"featured_media":7820,"comment_status":"closed","ping_status":"closed","sticky":false,"template":"","format":"standard","meta":{"footnotes":""},"categories":[4,15,3],"tags":[],"class_list":["post-7819","post","type-post","status-publish","format-standard","has-post-thumbnail","hentry","category-noticias","category-secretaria-municipal-de-comunicacao","category-gabinete-do-prefeito"],"aioseo_notices":[],"_links":{"self":[{"href":"https:\/\/prefeitura.santarosa.rs.gov.br\/index.php?rest_route=\/wp\/v2\/posts\/7819","targetHints":{"allow":["GET"]}}],"collection":[{"href":"https:\/\/prefeitura.santarosa.rs.gov.br\/index.php?rest_route=\/wp\/v2\/posts"}],"about":[{"href":"https:\/\/prefeitura.santarosa.rs.gov.br\/index.php?rest_route=\/wp\/v2\/types\/post"}],"author":[{"embeddable":true,"href":"https:\/\/prefeitura.santarosa.rs.gov.br\/index.php?rest_route=\/wp\/v2\/users\/6"}],"replies":[{"embeddable":true,"href":"https:\/\/prefeitura.santarosa.rs.gov.br\/index.php?rest_route=%2Fwp%2Fv2%2Fcomments&post=7819"}],"version-history":[{"count":1,"href":"https:\/\/prefeitura.santarosa.rs.gov.br\/index.php?rest_route=\/wp\/v2\/posts\/7819\/revisions"}],"predecessor-version":[{"id":7821,"href":"https:\/\/prefeitura.santarosa.rs.gov.br\/index.php?rest_route=\/wp\/v2\/posts\/7819\/revisions\/7821"}],"wp:featuredmedia":[{"embeddable":true,"href":"https:\/\/prefeitura.santarosa.rs.gov.br\/index.php?rest_route=\/wp\/v2\/media\/7820"}],"wp:attachment":[{"href":"https:\/\/prefeitura.santarosa.rs.gov.br\/index.php?rest_route=%2Fwp%2Fv2%2Fmedia&parent=7819"}],"wp:term":[{"taxonomy":"category","embeddable":true,"href":"https:\/\/prefeitura.santarosa.rs.gov.br\/index.php?rest_route=%2Fwp%2Fv2%2Fcategories&post=7819"},{"taxonomy":"post_tag","embeddable":true,"href":"https:\/\/prefeitura.santarosa.rs.gov.br\/index.php?rest_route=%2Fwp%2Fv2%2Ftags&post=7819"}],"curies":[{"name":"wp","href":"https:\/\/api.w.org\/{rel}","templated":true}]}}