{"id":7815,"date":"2023-08-12T10:22:10","date_gmt":"2023-08-12T13:22:10","guid":{"rendered":"https:\/\/prefeitura.santarosa.rs.gov.br\/?p=7815"},"modified":"2024-10-07T09:53:10","modified_gmt":"2024-10-07T12:53:10","slug":"assinada-ordem-de-inicio-de-projeto-para-terceiras-faixas-na-ers-344","status":"publish","type":"post","link":"https:\/\/prefeitura.santarosa.rs.gov.br\/?p=7815","title":{"rendered":"<strong>Assinada ordem de in\u00edcio de projeto para&nbsp;terceiras faixas na ERS-344<\/strong>"},"content":{"rendered":"\n<figure class=\"wp-block-image size-full\"><img fetchpriority=\"high\" decoding=\"async\" width=\"860\" height=\"645\" src=\"https:\/\/prefeitura.santarosa.rs.gov.br\/wp-content\/uploads\/2023\/08\/Formato-Site-e-Portal-860X645-JPG-7.jpg\" alt=\"\" class=\"wp-image-7816\" srcset=\"https:\/\/prefeitura.santarosa.rs.gov.br\/wp-content\/uploads\/2023\/08\/Formato-Site-e-Portal-860X645-JPG-7.jpg 860w, https:\/\/prefeitura.santarosa.rs.gov.br\/wp-content\/uploads\/2023\/08\/Formato-Site-e-Portal-860X645-JPG-7-300x225.jpg 300w, https:\/\/prefeitura.santarosa.rs.gov.br\/wp-content\/uploads\/2023\/08\/Formato-Site-e-Portal-860X645-JPG-7-768x576.jpg 768w\" sizes=\"(max-width: 860px) 100vw, 860px\" \/><\/figure>\n\n\n\n<p><br>O&nbsp;Prefeito Anderson Mantei junto com os prefeitos de Santo \u00c2ngelo Jacques Barbosa e de Giru\u00e1&nbsp;Ruben Weimer,&nbsp;assinaram&nbsp;o contrato com a empresa que far\u00e1&nbsp;a elabora\u00e7\u00e3o de projeto&nbsp;para&nbsp;terceiras faixas na ERS-344. A a\u00e7\u00e3o aconteceu durante o Hortigranjeiros e reuniu autoridades, pol\u00edticos e a comunidade. O projeto ser\u00e1 executado de acordo com Normas e diretrizes do DAER\/RS, no trecho entre&nbsp;Santa Rosa&nbsp;e&nbsp;Santo \u00c2ngelo.<\/p>\n\n\n\n<p>O valor total do projeto ser\u00e1 de\u00a0R$ 471.581,16.\u00a0Cada munic\u00edpio ir\u00e1 custear uma parte do projeto,\u00a0conforme a porcentagem de ocupa\u00e7\u00e3o de cada um na ERS-344.\u00a0O prefeito Anderson Mantei destacou que a uni\u00e3o dos 3 munic\u00edpios foi fundamental para esse importante passo,\u00a0\u201cEsta \u00e9 uma a\u00e7\u00e3o que vai beneficiar os moradores das tr\u00eas cidades, como tamb\u00e9m, de toda a popula\u00e7\u00e3o que frequenta a estrada. Estamos em uma for\u00e7a tarefa, para dar in\u00edcio o quanto antes, a esta obra que vai facilitar o acesso para estes munic\u00edpios, al\u00e9m de auxiliar no tr\u00e1fego de ve\u00edculos. \u00c9 uma obra estruturante e fundamental para o desenvolvimento econ\u00f4mico das regi\u00f5es das Miss\u00f5es e da Fronteira Noroeste\u201d.<\/p>\n\n\n\n<p>O&nbsp;Secret\u00e1rio de Desenvolvimento Econ\u00f4mico do RS, Ernani Polo,&nbsp;tamb\u00e9m esteve presente e ressaltou a import\u00e2ncia desta obra, \u201cN\u00f3s queremos destacar a iniciativa dos munic\u00edpios em viabilizar recursos para este projeto. \u00c9 uma obra importante para impulsionar o desenvolvimento regional tendo em vista, que a capacidade desta estrada j\u00e1 est\u00e1 no seu limite e estes avan\u00e7os atrav\u00e9s do projeto elaborado v\u00e3o contribuir para evitar acidentes, salvar vidas e proporcionar uma melhor condi\u00e7\u00e3o de mobilidade para toda a popula\u00e7\u00e3o\u201d.<\/p>\n\n\n\n<p>O prazo\u00a0de execu\u00e7\u00e3o\u00a0\u00e9 de 180 dias, conforme o contrato.\u00a0Participaram do ato de assinatura, o Presidente do 34\u00ba Hortigranjeiros, Marcos Servat, o Deputado Estadual, Eduardo Loureiro, a presidente-regional da FEDERASUL,\u00a0L\u00eddia Linck Lagemann e representantes da empresa contratada.<\/p>\n","protected":false},"excerpt":{"rendered":"<p>O&nbsp;Prefeito Anderson Mantei junto com os prefeitos de Santo \u00c2ngelo Jacques Barbosa e de Giru\u00e1&nbsp;Ruben Weimer,&nbsp;assinaram&nbsp;o contrato com a empresa<\/p>\n","protected":false},"author":6,"featured_media":7816,"comment_status":"closed","ping_status":"open","sticky":false,"template":"","format":"standard","meta":{"footnotes":""},"categories":[4,22,3],"tags":[],"class_list":["post-7815","post","type-post","status-publish","format-standard","has-post-thumbnail","hentry","category-noticias","category-secretaria-municipal-de-planejamento-e-habitacao","category-gabinete-do-prefeito"],"aioseo_notices":[],"_links":{"self":[{"href":"https:\/\/prefeitura.santarosa.rs.gov.br\/index.php?rest_route=\/wp\/v2\/posts\/7815","targetHints":{"allow":["GET"]}}],"collection":[{"href":"https:\/\/prefeitura.santarosa.rs.gov.br\/index.php?rest_route=\/wp\/v2\/posts"}],"about":[{"href":"https:\/\/prefeitura.santarosa.rs.gov.br\/index.php?rest_route=\/wp\/v2\/types\/post"}],"author":[{"embeddable":true,"href":"https:\/\/prefeitura.santarosa.rs.gov.br\/index.php?rest_route=\/wp\/v2\/users\/6"}],"replies":[{"embeddable":true,"href":"https:\/\/prefeitura.santarosa.rs.gov.br\/index.php?rest_route=%2Fwp%2Fv2%2Fcomments&post=7815"}],"version-history":[{"count":2,"href":"https:\/\/prefeitura.santarosa.rs.gov.br\/index.php?rest_route=\/wp\/v2\/posts\/7815\/revisions"}],"predecessor-version":[{"id":7818,"href":"https:\/\/prefeitura.santarosa.rs.gov.br\/index.php?rest_route=\/wp\/v2\/posts\/7815\/revisions\/7818"}],"wp:featuredmedia":[{"embeddable":true,"href":"https:\/\/prefeitura.santarosa.rs.gov.br\/index.php?rest_route=\/wp\/v2\/media\/7816"}],"wp:attachment":[{"href":"https:\/\/prefeitura.santarosa.rs.gov.br\/index.php?rest_route=%2Fwp%2Fv2%2Fmedia&parent=7815"}],"wp:term":[{"taxonomy":"category","embeddable":true,"href":"https:\/\/prefeitura.santarosa.rs.gov.br\/index.php?rest_route=%2Fwp%2Fv2%2Fcategories&post=7815"},{"taxonomy":"post_tag","embeddable":true,"href":"https:\/\/prefeitura.santarosa.rs.gov.br\/index.php?rest_route=%2Fwp%2Fv2%2Ftags&post=7815"}],"curies":[{"name":"wp","href":"https:\/\/api.w.org\/{rel}","templated":true}]}}