{"id":7812,"date":"2023-08-11T14:58:11","date_gmt":"2023-08-11T17:58:11","guid":{"rendered":"https:\/\/prefeitura.santarosa.rs.gov.br\/?p=7812"},"modified":"2024-10-07T09:53:10","modified_gmt":"2024-10-07T12:53:10","slug":"formatura-das-oficinas-de-gastronomia-culinaria-variada-e-realizada-no-hortigranjeiros","status":"publish","type":"post","link":"https:\/\/prefeitura.santarosa.rs.gov.br\/?p=7812","title":{"rendered":"<strong>Formatura das Oficinas de Gastronomia \u2013 Culin\u00e1ria Variada \u00e9 realizada no Hortigranjeiros<\/strong>"},"content":{"rendered":"\n<figure class=\"wp-block-image size-full\"><img fetchpriority=\"high\" decoding=\"async\" width=\"860\" height=\"645\" src=\"https:\/\/prefeitura.santarosa.rs.gov.br\/wp-content\/uploads\/2023\/08\/Formato-Site-e-Portal-860X645-JPG-6.jpg\" alt=\"\" class=\"wp-image-7813\" srcset=\"https:\/\/prefeitura.santarosa.rs.gov.br\/wp-content\/uploads\/2023\/08\/Formato-Site-e-Portal-860X645-JPG-6.jpg 860w, https:\/\/prefeitura.santarosa.rs.gov.br\/wp-content\/uploads\/2023\/08\/Formato-Site-e-Portal-860X645-JPG-6-300x225.jpg 300w, https:\/\/prefeitura.santarosa.rs.gov.br\/wp-content\/uploads\/2023\/08\/Formato-Site-e-Portal-860X645-JPG-6-768x576.jpg 768w\" sizes=\"(max-width: 860px) 100vw, 860px\" \/><\/figure>\n\n\n\n<p>A Prefeitura de Santa Rosa atrav\u00e9s da Secretaria de Desenvolvimento Social e em parceria com o SENAC, realizou na tarde desta sexta-feira (11), a cerim\u00f4nia de formatura das Oficinas de Gastronomia \u2013 Culin\u00e1ria Variada. A a\u00e7\u00e3o aconteceu durante o Hortigranjeiros, na Cozinha da Neca, com a presen\u00e7a de autoridades e das alunas concluintes do curso.<\/p>\n\n\n\n<p>A oficina de produ\u00e7\u00e3o de alimentos \u00e9 certificada pelo SENAC e teve carga hor\u00e1ria de 40 horas. Ao todo, 06 turmas conclu\u00edram a forma\u00e7\u00e3o, com 15 integrantes cada, totalizando 90 participantes. As alunas fazem parte do Servi\u00e7o de Prote\u00e7\u00e3o e Atendimento Integral \u00e0 Fam\u00edlia \u2013 PAIF e foram encaminhadas atrav\u00e9s das unidades dos CRAS Aldi Pedro Brand\u00e3o e V\u00f3 Maria Pedrazza. A Secret\u00e1ria de Desenvolvimento Social, Rita Strasser, destacou a a\u00e7\u00e3o, \u201cEstamos muito contentes em concluir mais este projeto do munic\u00edpio em parceria com o SENAC. Esta foi uma grande oportunidade que vai possibilitar tamb\u00e9m, uma nova renda para essas fam\u00edlias\u201d. A oficina foi ofertada de forma gratuita pelo munic\u00edpio, bem como, o transporte das participantes at\u00e9 o Parque de Exposi\u00e7\u00f5es.<\/p>\n","protected":false},"excerpt":{"rendered":"<p>A Prefeitura de Santa Rosa atrav\u00e9s da Secretaria de Desenvolvimento Social e em parceria com o SENAC, realizou na tarde<\/p>\n","protected":false},"author":6,"featured_media":7813,"comment_status":"closed","ping_status":"closed","sticky":false,"template":"","format":"standard","meta":{"footnotes":""},"categories":[4,17],"tags":[],"class_list":["post-7812","post","type-post","status-publish","format-standard","has-post-thumbnail","hentry","category-noticias","category-secretaria-municipal-de-desenvolvimento-social"],"aioseo_notices":[],"_links":{"self":[{"href":"https:\/\/prefeitura.santarosa.rs.gov.br\/index.php?rest_route=\/wp\/v2\/posts\/7812","targetHints":{"allow":["GET"]}}],"collection":[{"href":"https:\/\/prefeitura.santarosa.rs.gov.br\/index.php?rest_route=\/wp\/v2\/posts"}],"about":[{"href":"https:\/\/prefeitura.santarosa.rs.gov.br\/index.php?rest_route=\/wp\/v2\/types\/post"}],"author":[{"embeddable":true,"href":"https:\/\/prefeitura.santarosa.rs.gov.br\/index.php?rest_route=\/wp\/v2\/users\/6"}],"replies":[{"embeddable":true,"href":"https:\/\/prefeitura.santarosa.rs.gov.br\/index.php?rest_route=%2Fwp%2Fv2%2Fcomments&post=7812"}],"version-history":[{"count":1,"href":"https:\/\/prefeitura.santarosa.rs.gov.br\/index.php?rest_route=\/wp\/v2\/posts\/7812\/revisions"}],"predecessor-version":[{"id":7814,"href":"https:\/\/prefeitura.santarosa.rs.gov.br\/index.php?rest_route=\/wp\/v2\/posts\/7812\/revisions\/7814"}],"wp:featuredmedia":[{"embeddable":true,"href":"https:\/\/prefeitura.santarosa.rs.gov.br\/index.php?rest_route=\/wp\/v2\/media\/7813"}],"wp:attachment":[{"href":"https:\/\/prefeitura.santarosa.rs.gov.br\/index.php?rest_route=%2Fwp%2Fv2%2Fmedia&parent=7812"}],"wp:term":[{"taxonomy":"category","embeddable":true,"href":"https:\/\/prefeitura.santarosa.rs.gov.br\/index.php?rest_route=%2Fwp%2Fv2%2Fcategories&post=7812"},{"taxonomy":"post_tag","embeddable":true,"href":"https:\/\/prefeitura.santarosa.rs.gov.br\/index.php?rest_route=%2Fwp%2Fv2%2Ftags&post=7812"}],"curies":[{"name":"wp","href":"https:\/\/api.w.org\/{rel}","templated":true}]}}