{"id":7792,"date":"2023-08-10T11:37:20","date_gmt":"2023-08-10T14:37:20","guid":{"rendered":"https:\/\/prefeitura.santarosa.rs.gov.br\/?p=7792"},"modified":"2024-10-07T09:53:11","modified_gmt":"2024-10-07T12:53:11","slug":"baile-do-municipio-marca-os-92-anos-de-santa-rosa","status":"publish","type":"post","link":"https:\/\/prefeitura.santarosa.rs.gov.br\/?p=7792","title":{"rendered":"<strong>Baile do Munic\u00edpio marca os 92 anos de Santa Rosa<\/strong>"},"content":{"rendered":"\n<figure class=\"wp-block-image size-full\"><img fetchpriority=\"high\" decoding=\"async\" width=\"860\" height=\"645\" src=\"https:\/\/prefeitura.santarosa.rs.gov.br\/wp-content\/uploads\/2023\/08\/Formato-Site-e-Portal-860X645-JPG-1.jpg\" alt=\"\" class=\"wp-image-7793\" srcset=\"https:\/\/prefeitura.santarosa.rs.gov.br\/wp-content\/uploads\/2023\/08\/Formato-Site-e-Portal-860X645-JPG-1.jpg 860w, https:\/\/prefeitura.santarosa.rs.gov.br\/wp-content\/uploads\/2023\/08\/Formato-Site-e-Portal-860X645-JPG-1-300x225.jpg 300w, https:\/\/prefeitura.santarosa.rs.gov.br\/wp-content\/uploads\/2023\/08\/Formato-Site-e-Portal-860X645-JPG-1-768x576.jpg 768w\" sizes=\"(max-width: 860px) 100vw, 860px\" \/><\/figure>\n\n\n\n<p>Quinta-feira, 10 de agosto, feriado municipal, data em que Santa Rosa, o Ber\u00e7o Nacional da Soja, completa 92 anos de emancipa\u00e7\u00e3o. Ap\u00f3s um pouco mais de 09 d\u00e9cadas, a cidade vive um momento de expans\u00e3o, progresso e constante evolu\u00e7\u00e3o. Para celebrar a hist\u00f3ria e o anivers\u00e1rio do munic\u00edpio, a Prefeitura em parceria com a Associa\u00e7\u00e3o Santa-Rosense de C\u00e2mbio \u2013 Asscam, realizou na noite desta quarta-feira (09), um baile de anivers\u00e1rio. O evento aconteceu no Clube Conc\u00f3rdia e contou com a presen\u00e7a de autoridades e da comunidade santa-rosense. Mais de 400 pessoas participaram da atividade.<\/p>\n\n\n\n<p>Na oportunidade, foi comemorado tamb\u00e9m os 10 anos da Asscam. O Presidente da Associa\u00e7\u00e3o, D\u00e1rio Hickert, destacou a import\u00e2ncia deste momento especial, \u201cEstamos realizados em poder celebrar a hist\u00f3ria da Asscam junto com o anivers\u00e1rio de Santa Rosa. Tudo foi organizado com muito carinho para desfrutarmos deste baile que marca os 92 anos de uma cidade que avan\u00e7a, progride e se desenvolve cada dia mais\u201d. O baile contou com a anima\u00e7\u00e3o da Banda Itamone de Caxias do Sul, que animou a festa com um repert\u00f3rio variado.<\/p>\n\n\n\n<p>O Governo Municipal aproveitou o momento para homenagear ilustres convidados que marcaram a hist\u00f3ria de progresso e desenvolvimento de Santa Rosa. Foram homenageados com a medalha do m\u00e9rito comunit\u00e1rio, os seguintes cidad\u00e3os: Paulo Sergio Kappel, Teresa Neumann de Souza Christensen, Lauro Zimmermann e Valtair Dornelles. O Prefeito Anderson Mantei agradeceu a todos que fazem a diferen\u00e7a no munic\u00edpio e que ajudam todos os dias a construir a hist\u00f3ria de progresso e evolu\u00e7\u00e3o de Santa Rosa, \u201cGra\u00e7as ao trabalho do nosso povo, dos volunt\u00e1rios que movimentam a nossa cidade, temos avan\u00e7ando na constru\u00e7\u00e3o de uma cidade que se desenvolve, cresce em habitantes, na economia e na melhora da qualidade de vida. Nosso parab\u00e9ns \u00e0 Asscam pelo relevante trabalho e parab\u00e9ns a nossa querida Santa Rosa\u201d.<\/p>\n\n\n\n<p>Santa Rosa foi o 82\u00ba munic\u00edpio ga\u00facho instalado oficialmente no Rio Grande do Sul. Conforme estimativa do IBGE, a cidade possui atualmente 76.963 habitantes. Com mais de cem obras entregues, o munic\u00edpio avan\u00e7a e evolui. O interior recebe melhorias para proporcionar cada vez mais qualidade de vida para o produtor. A cidade est\u00e1 em pleno desenvolvimento e \u00e9 para voc\u00ea e por voc\u00ea que Santa Rosa celebra 92 anos, sendo a melhor cidade para se viver.<\/p>\n","protected":false},"excerpt":{"rendered":"<p>Quinta-feira, 10 de agosto, feriado municipal, data em que Santa Rosa, o Ber\u00e7o Nacional da Soja, completa 92 anos de<\/p>\n","protected":false},"author":6,"featured_media":7793,"comment_status":"closed","ping_status":"closed","sticky":false,"template":"","format":"standard","meta":{"footnotes":""},"categories":[4,15,3],"tags":[],"class_list":["post-7792","post","type-post","status-publish","format-standard","has-post-thumbnail","hentry","category-noticias","category-secretaria-municipal-de-comunicacao","category-gabinete-do-prefeito"],"aioseo_notices":[],"_links":{"self":[{"href":"https:\/\/prefeitura.santarosa.rs.gov.br\/index.php?rest_route=\/wp\/v2\/posts\/7792","targetHints":{"allow":["GET"]}}],"collection":[{"href":"https:\/\/prefeitura.santarosa.rs.gov.br\/index.php?rest_route=\/wp\/v2\/posts"}],"about":[{"href":"https:\/\/prefeitura.santarosa.rs.gov.br\/index.php?rest_route=\/wp\/v2\/types\/post"}],"author":[{"embeddable":true,"href":"https:\/\/prefeitura.santarosa.rs.gov.br\/index.php?rest_route=\/wp\/v2\/users\/6"}],"replies":[{"embeddable":true,"href":"https:\/\/prefeitura.santarosa.rs.gov.br\/index.php?rest_route=%2Fwp%2Fv2%2Fcomments&post=7792"}],"version-history":[{"count":1,"href":"https:\/\/prefeitura.santarosa.rs.gov.br\/index.php?rest_route=\/wp\/v2\/posts\/7792\/revisions"}],"predecessor-version":[{"id":7794,"href":"https:\/\/prefeitura.santarosa.rs.gov.br\/index.php?rest_route=\/wp\/v2\/posts\/7792\/revisions\/7794"}],"wp:featuredmedia":[{"embeddable":true,"href":"https:\/\/prefeitura.santarosa.rs.gov.br\/index.php?rest_route=\/wp\/v2\/media\/7793"}],"wp:attachment":[{"href":"https:\/\/prefeitura.santarosa.rs.gov.br\/index.php?rest_route=%2Fwp%2Fv2%2Fmedia&parent=7792"}],"wp:term":[{"taxonomy":"category","embeddable":true,"href":"https:\/\/prefeitura.santarosa.rs.gov.br\/index.php?rest_route=%2Fwp%2Fv2%2Fcategories&post=7792"},{"taxonomy":"post_tag","embeddable":true,"href":"https:\/\/prefeitura.santarosa.rs.gov.br\/index.php?rest_route=%2Fwp%2Fv2%2Ftags&post=7792"}],"curies":[{"name":"wp","href":"https:\/\/api.w.org\/{rel}","templated":true}]}}