{"id":7789,"date":"2023-08-09T16:29:00","date_gmt":"2023-08-09T19:29:00","guid":{"rendered":"https:\/\/prefeitura.santarosa.rs.gov.br\/?p=7789"},"modified":"2024-10-07T09:53:11","modified_gmt":"2024-10-07T12:53:11","slug":"atividade-celebra-os-40-anos-do-hortigranjeiros","status":"publish","type":"post","link":"https:\/\/prefeitura.santarosa.rs.gov.br\/?p=7789","title":{"rendered":"<strong>Atividade celebra os 40 anos do Hortigranjeiros<\/strong>"},"content":{"rendered":"\n<p><em>Durante a comemora\u00e7\u00e3o foi reinaugurada a cozinha do Parque de Exposi\u00e7\u00f5es<\/em><\/p>\n\n\n\n<figure class=\"wp-block-image size-full\"><img fetchpriority=\"high\" decoding=\"async\" width=\"860\" height=\"645\" src=\"https:\/\/prefeitura.santarosa.rs.gov.br\/wp-content\/uploads\/2023\/08\/Formato-Site-e-Portal-860X645-JPG.jpg\" alt=\"\" class=\"wp-image-7790\" srcset=\"https:\/\/prefeitura.santarosa.rs.gov.br\/wp-content\/uploads\/2023\/08\/Formato-Site-e-Portal-860X645-JPG.jpg 860w, https:\/\/prefeitura.santarosa.rs.gov.br\/wp-content\/uploads\/2023\/08\/Formato-Site-e-Portal-860X645-JPG-300x225.jpg 300w, https:\/\/prefeitura.santarosa.rs.gov.br\/wp-content\/uploads\/2023\/08\/Formato-Site-e-Portal-860X645-JPG-768x576.jpg 768w\" sizes=\"(max-width: 860px) 100vw, 860px\" \/><\/figure>\n\n\n\n<p>O primeiro dia do 34\u00ba Encontro Estadual de Hortigranjeiros foi de muitas atra\u00e7\u00f5es. Entre as atividades da programa\u00e7\u00e3o oficial, foi realizado nesta&nbsp;quarta-feira (9\/08), um coquetel em comemora\u00e7\u00e3o aos 40 anos da feira. A a\u00e7\u00e3o aconteceu na Cozinha do Parque de Exposi\u00e7\u00f5es que foi reinaugurada e entregue para a comunidade. Com recursos investidos do Hortigranjeiros e da Fenasoja, as feiras se uniram com a Prefeitura de Santa Rosa, para realizar as melhorias no local.<\/p>\n\n\n\n<p>Na oportunidade, as autoridades presentes batizaram a cozinha com o nome \u201cCozinha da Neca\u201d. O nome escolhido foi em homenagem \u00e0 Glotilde Bao, uma das idealizadoras da Cozinha, presidente da 10\u00aa edi\u00e7\u00e3o do Hortigranjeiros, extensionista da Emater\/RS-Ascar por 35 anos e atualmente, membro da comiss\u00e3o da Cozinha do Horti. Foi realizado tamb\u00e9m, o corte do bolo do anivers\u00e1rio da feira. O Presidente do Hortigranjeiros, Marcos Servat, destacou a a\u00e7\u00e3o. \u201cQueremos agradecer aos volunt\u00e1rios e a todos que se se envolvem para as coisas acontecerem em Santa Rosa. Temos uma cidade maravilhosa e que est\u00e1 em pleno desenvolvimento. Um exemplo \u00e9 estas melhorias que foram realizadas na cozinha e que vai beneficiar todos os eventos que acontecem no Parque de Exposi\u00e7\u00f5es, al\u00e9m dos cursos de culin\u00e1ria que s\u00e3o ofertados pelo munic\u00edpio. \u00c9 uma alegria poder celebrar esta data t\u00e3o especial que \u00e9 o anivers\u00e1rio de 40 anos do Hortigranjeiros, neste que \u00e9 o primeiro dia de feira desta edi\u00e7\u00e3o\u201d, salientou.<\/p>\n\n\n\n<p>O Governo Municipal disponibilizou profissionais para as obras de reforma da cozinha. Foram instalados forro e piso, realizada a pintura e adquirido novos m\u00f3veis para o local. O Vice-Prefeito Aldemir Ulrich, agradeceu o empenho das equipes e parabenizou os volunt\u00e1rios do munic\u00edpio, \u201cNosso agradecimento aos volunt\u00e1rios, que incans\u00e1veis trabalharam e est\u00e3o trabalhando para fazer desta feira um sucesso. Estamos muito contentes com tudo o que est\u00e1 sendo realizado no munic\u00edpio e em poder contribuir enquanto gest\u00e3o para uma cidade cada vez melhor\u201d. Al\u00e9m de Ulrich e Servat, tamb\u00e9m participaram da reinaugura\u00e7\u00e3o da Cozinha diversas lideran\u00e7as, entre elas: o chefe do Escrit\u00f3rio Municipal da Emater\/RS-Ascar, Diogo Danda, o vice-presidente da Aprhorosa, Juca Batista, o presidente da Fenasoja, D\u00e1rio Germano, o presidente da Coopermil, Ernani Thober, a coordenadora da Cozinha do Hortigranjeiros, Vanessa Gnoatto e a assessora&nbsp; de Pol\u00edticas para Mulheres, Solange Griza.<\/p>\n\n\n\n<p>Durante a feira, na Cozinha do Hortigranjeiros, ser\u00e3o realizadas oficinas culin\u00e1rias gratuitas diariamente, numa parceria entre Emater\/RS-Ascar, Coopermil, Secretaria de Desenvolvimento Social, por meio da Assessoria de Pol\u00edticas para Mulheres, Instituto Federal Farroupilha (Iffar) \u2013 Campus Santa Rosa, com apoio da Nutri Wieder e Celena Alimentos. \u201cPara que milhares de pessoas tivessem acesso ao atrativo da Cozinha no Parque de Exposi\u00e7\u00f5es, houve o envolvimento de muitas pessoas que sonharam, acreditaram e se empenharam para executar esse sonho\u201d, reiterou Vanessa, ao lembrar que o espa\u00e7o \u00e9 resultado de esfor\u00e7o coletivo para proporcionar conhecimento e oportunidades de integra\u00e7\u00e3o \u00e0 comunidade.<\/p>\n\n\n\n<p>A programa\u00e7\u00e3o completa pode ser acessada no site:&nbsp;<a href=\"http:\/\/www.hortigranjeiros.com.br\/\" target=\"_blank\" rel=\"noreferrer noopener\">www.hortigranjeiros.com.br<\/a>.<\/p>\n\n\n\n<p>Ainda nesta&nbsp;quarta-feira, o Hortigranjeiros contemplou outros eventos como&nbsp; o Dia de Campo da Emater e Hortigranjeiros, o Almo\u00e7o de Ideias com o Presidente da rede de Farm\u00e1cias S\u00e3o Jo\u00e3o, Pedro Brair, Trilha Ecol\u00f3gica no Parque, Painel Educa\u00e7\u00e3o Financeira: &#8220;Olhando para o Futuro&#8221; com a participa\u00e7\u00e3o das escolas da Rede Municipal de Ensino e atividades no Palco Cultural On. O 34\u00ba Encontro Estadual de Hortigranjeiros acontece at\u00e9 o&nbsp;domingo&nbsp;(13\/08), no Parque de Exposi\u00e7\u00f5es Alfredo Leandro Carlson, em Santa Rosa.<\/p>\n\n\n\n<p><strong><em>Anivers\u00e1rio da Feira<\/em><\/strong><\/p>\n\n\n\n<p>Foi em&nbsp;9 de agosto&nbsp;de 1983, inserido na programa\u00e7\u00e3o de anivers\u00e1rio do Munic\u00edpio, que lideran\u00e7as e agricultores davam o passo inicial da consolida\u00e7\u00e3o do sonho com a realiza\u00e7\u00e3o da 1\u00aa Mostra, no Parque Municipal de Exposi\u00e7\u00f5es de Santa Rosa, sob a coordena\u00e7\u00e3o de Eclair Kruger Moraginski, que veio a se tornar o Encontro Estadual de Hortigranjeiros.<\/p>\n\n\n\n<p>O p\u00fablico do evento \u00e0 \u00e9poca foi considerado um sucesso: 15 mil pessoas em apenas um dia, sendo que a feira durou em torno de duas horas e meia. Desde ent\u00e3o, a feira seguiu em uma evolu\u00e7\u00e3o constante. Em 2023, ser\u00e3o recebidos aproximadamente 120 mil visitantes em cinco dias de evento.<\/p>\n","protected":false},"excerpt":{"rendered":"<p>Durante a comemora\u00e7\u00e3o foi reinaugurada a cozinha do Parque de Exposi\u00e7\u00f5es O primeiro dia do 34\u00ba Encontro Estadual de Hortigranjeiros<\/p>\n","protected":false},"author":6,"featured_media":7790,"comment_status":"closed","ping_status":"closed","sticky":false,"template":"","format":"standard","meta":{"footnotes":""},"categories":[4,15,9],"tags":[],"class_list":["post-7789","post","type-post","status-publish","format-standard","has-post-thumbnail","hentry","category-noticias","category-secretaria-municipal-de-comunicacao","category-gabinete-do-vice-prefeito"],"aioseo_notices":[],"_links":{"self":[{"href":"https:\/\/prefeitura.santarosa.rs.gov.br\/index.php?rest_route=\/wp\/v2\/posts\/7789","targetHints":{"allow":["GET"]}}],"collection":[{"href":"https:\/\/prefeitura.santarosa.rs.gov.br\/index.php?rest_route=\/wp\/v2\/posts"}],"about":[{"href":"https:\/\/prefeitura.santarosa.rs.gov.br\/index.php?rest_route=\/wp\/v2\/types\/post"}],"author":[{"embeddable":true,"href":"https:\/\/prefeitura.santarosa.rs.gov.br\/index.php?rest_route=\/wp\/v2\/users\/6"}],"replies":[{"embeddable":true,"href":"https:\/\/prefeitura.santarosa.rs.gov.br\/index.php?rest_route=%2Fwp%2Fv2%2Fcomments&post=7789"}],"version-history":[{"count":1,"href":"https:\/\/prefeitura.santarosa.rs.gov.br\/index.php?rest_route=\/wp\/v2\/posts\/7789\/revisions"}],"predecessor-version":[{"id":7791,"href":"https:\/\/prefeitura.santarosa.rs.gov.br\/index.php?rest_route=\/wp\/v2\/posts\/7789\/revisions\/7791"}],"wp:featuredmedia":[{"embeddable":true,"href":"https:\/\/prefeitura.santarosa.rs.gov.br\/index.php?rest_route=\/wp\/v2\/media\/7790"}],"wp:attachment":[{"href":"https:\/\/prefeitura.santarosa.rs.gov.br\/index.php?rest_route=%2Fwp%2Fv2%2Fmedia&parent=7789"}],"wp:term":[{"taxonomy":"category","embeddable":true,"href":"https:\/\/prefeitura.santarosa.rs.gov.br\/index.php?rest_route=%2Fwp%2Fv2%2Fcategories&post=7789"},{"taxonomy":"post_tag","embeddable":true,"href":"https:\/\/prefeitura.santarosa.rs.gov.br\/index.php?rest_route=%2Fwp%2Fv2%2Ftags&post=7789"}],"curies":[{"name":"wp","href":"https:\/\/api.w.org\/{rel}","templated":true}]}}