{"id":7764,"date":"2023-08-07T16:16:51","date_gmt":"2023-08-07T19:16:51","guid":{"rendered":"https:\/\/prefeitura.santarosa.rs.gov.br\/?p=7764"},"modified":"2024-10-07T09:53:11","modified_gmt":"2024-10-07T12:53:11","slug":"alunos-de-santa-rosa-realizam-homenagem-ao-municipio","status":"publish","type":"post","link":"https:\/\/prefeitura.santarosa.rs.gov.br\/?p=7764","title":{"rendered":"<strong>Alunos de Santa Rosa realizam homenagem ao munic\u00edpio<\/strong>"},"content":{"rendered":"\n<figure class=\"wp-block-image size-full\"><img fetchpriority=\"high\" decoding=\"async\" width=\"860\" height=\"645\" src=\"https:\/\/prefeitura.santarosa.rs.gov.br\/wp-content\/uploads\/2023\/08\/Formato-Site-e-Portal-860X645-JPG-2023-08-07T160946.954.jpg\" alt=\"\" class=\"wp-image-7765\" srcset=\"https:\/\/prefeitura.santarosa.rs.gov.br\/wp-content\/uploads\/2023\/08\/Formato-Site-e-Portal-860X645-JPG-2023-08-07T160946.954.jpg 860w, https:\/\/prefeitura.santarosa.rs.gov.br\/wp-content\/uploads\/2023\/08\/Formato-Site-e-Portal-860X645-JPG-2023-08-07T160946.954-300x225.jpg 300w, https:\/\/prefeitura.santarosa.rs.gov.br\/wp-content\/uploads\/2023\/08\/Formato-Site-e-Portal-860X645-JPG-2023-08-07T160946.954-768x576.jpg 768w\" sizes=\"(max-width: 860px) 100vw, 860px\" \/><\/figure>\n\n\n\n<p>A segunda-feira (07), iniciou com muita anima\u00e7\u00e3o e celebra\u00e7\u00e3o pelos 92 anos de Santa Rosa. Alunos estiveram na prefeitura realizando apresenta\u00e7\u00f5es art\u00edsticas e musicais em comemora\u00e7\u00e3o ao anivers\u00e1rio da cidade. A a\u00e7\u00e3o fez parte da programa\u00e7\u00e3o oficial da semana do munic\u00edpio. Coreografia, luta, m\u00fasica e dan\u00e7a foram algumas das atividades demonstradas pelos estudantes.<\/p>\n\n\n\n<p>Integrantes do Karat\u00ea Para Todos realizaram a abertura das apresenta\u00e7\u00f5es com uma demonstra\u00e7\u00e3o das t\u00e9cnicas ensinadas no programa. Logo ap\u00f3s, foi a vez da Banda Marcial da Escola de Ensino Fundamental C\u00edvico-Militar Coronel Raul Oliveira. Na parte da tarde, alunos da Educa\u00e7\u00e3o Infantil da Rede Municipal de Ensino apresentaram coreografias de can\u00e7\u00f5es em homenagem \u00e0 Santa Rosa. O Vice-Prefeito Aldemir Ulrich acompanhou as atividades e agradeceu o empenho dos alunos, \u201c\u00c9 uma alegria receber voc\u00eas nesta semana em que iremos comemorar os 92 anos da nossa cidade. Voc\u00eas s\u00e3o os futuros, prefeitos, vice-prefeitos e profissionais que v\u00e3o promover o desenvolvimento do munic\u00edpio. Quero parabenizar as iniciativas e as escolas por promoverem projetos t\u00e3o importantes como estes, que incentivam a disciplina, o respeito e os bons h\u00e1bitos nas nossas crian\u00e7as e jovens\u201d.<\/p>\n\n\n\n<p>Santa Rosa completa 92 anos na pr\u00f3xima quinta-feira (10 de agosto). Confira nas p\u00e1ginas oficiais da prefeitura, a programa\u00e7\u00e3o completa do anivers\u00e1rio do munic\u00edpio.<\/p>\n\n\n\n<figure class=\"wp-block-gallery columns-3 is-cropped wp-block-gallery-1 is-layout-flex wp-block-gallery-is-layout-flex\"><ul class=\"blocks-gallery-grid\"><li class=\"blocks-gallery-item\"><figure><img decoding=\"async\" width=\"860\" height=\"645\" src=\"https:\/\/prefeitura.santarosa.rs.gov.br\/wp-content\/uploads\/2023\/08\/alunos-05.png\" alt=\"\" data-id=\"7766\" data-full-url=\"https:\/\/prefeitura.santarosa.rs.gov.br\/wp-content\/uploads\/2023\/08\/alunos-05.png\" data-link=\"https:\/\/prefeitura.santarosa.rs.gov.br\/?attachment_id=7766\" class=\"wp-image-7766\" srcset=\"https:\/\/prefeitura.santarosa.rs.gov.br\/wp-content\/uploads\/2023\/08\/alunos-05.png 860w, https:\/\/prefeitura.santarosa.rs.gov.br\/wp-content\/uploads\/2023\/08\/alunos-05-300x225.png 300w, https:\/\/prefeitura.santarosa.rs.gov.br\/wp-content\/uploads\/2023\/08\/alunos-05-768x576.png 768w\" sizes=\"(max-width: 860px) 100vw, 860px\" \/><\/figure><\/li><li class=\"blocks-gallery-item\"><figure><img decoding=\"async\" width=\"860\" height=\"645\" src=\"https:\/\/prefeitura.santarosa.rs.gov.br\/wp-content\/uploads\/2023\/08\/alunos-04.png\" alt=\"\" data-id=\"7767\" data-full-url=\"https:\/\/prefeitura.santarosa.rs.gov.br\/wp-content\/uploads\/2023\/08\/alunos-04.png\" data-link=\"https:\/\/prefeitura.santarosa.rs.gov.br\/?attachment_id=7767\" class=\"wp-image-7767\" srcset=\"https:\/\/prefeitura.santarosa.rs.gov.br\/wp-content\/uploads\/2023\/08\/alunos-04.png 860w, https:\/\/prefeitura.santarosa.rs.gov.br\/wp-content\/uploads\/2023\/08\/alunos-04-300x225.png 300w, https:\/\/prefeitura.santarosa.rs.gov.br\/wp-content\/uploads\/2023\/08\/alunos-04-768x576.png 768w\" sizes=\"(max-width: 860px) 100vw, 860px\" \/><\/figure><\/li><li class=\"blocks-gallery-item\"><figure><img loading=\"lazy\" decoding=\"async\" width=\"860\" height=\"645\" src=\"https:\/\/prefeitura.santarosa.rs.gov.br\/wp-content\/uploads\/2023\/08\/alunos-01.png\" alt=\"\" data-id=\"7769\" data-full-url=\"https:\/\/prefeitura.santarosa.rs.gov.br\/wp-content\/uploads\/2023\/08\/alunos-01.png\" data-link=\"https:\/\/prefeitura.santarosa.rs.gov.br\/?attachment_id=7769\" class=\"wp-image-7769\" srcset=\"https:\/\/prefeitura.santarosa.rs.gov.br\/wp-content\/uploads\/2023\/08\/alunos-01.png 860w, https:\/\/prefeitura.santarosa.rs.gov.br\/wp-content\/uploads\/2023\/08\/alunos-01-300x225.png 300w, https:\/\/prefeitura.santarosa.rs.gov.br\/wp-content\/uploads\/2023\/08\/alunos-01-768x576.png 768w\" sizes=\"(max-width: 860px) 100vw, 860px\" \/><\/figure><\/li><\/ul><\/figure>\n","protected":false},"excerpt":{"rendered":"<p>A segunda-feira (07), iniciou com muita anima\u00e7\u00e3o e celebra\u00e7\u00e3o pelos 92 anos de Santa Rosa. Alunos estiveram na prefeitura realizando<\/p>\n","protected":false},"author":6,"featured_media":7770,"comment_status":"closed","ping_status":"closed","sticky":false,"template":"","format":"standard","meta":{"footnotes":""},"categories":[4,18],"tags":[],"class_list":["post-7764","post","type-post","status-publish","format-standard","has-post-thumbnail","hentry","category-noticias","category-secretaria-municipal-de-educacao-e-cultura"],"aioseo_notices":[],"_links":{"self":[{"href":"https:\/\/prefeitura.santarosa.rs.gov.br\/index.php?rest_route=\/wp\/v2\/posts\/7764","targetHints":{"allow":["GET"]}}],"collection":[{"href":"https:\/\/prefeitura.santarosa.rs.gov.br\/index.php?rest_route=\/wp\/v2\/posts"}],"about":[{"href":"https:\/\/prefeitura.santarosa.rs.gov.br\/index.php?rest_route=\/wp\/v2\/types\/post"}],"author":[{"embeddable":true,"href":"https:\/\/prefeitura.santarosa.rs.gov.br\/index.php?rest_route=\/wp\/v2\/users\/6"}],"replies":[{"embeddable":true,"href":"https:\/\/prefeitura.santarosa.rs.gov.br\/index.php?rest_route=%2Fwp%2Fv2%2Fcomments&post=7764"}],"version-history":[{"count":1,"href":"https:\/\/prefeitura.santarosa.rs.gov.br\/index.php?rest_route=\/wp\/v2\/posts\/7764\/revisions"}],"predecessor-version":[{"id":7771,"href":"https:\/\/prefeitura.santarosa.rs.gov.br\/index.php?rest_route=\/wp\/v2\/posts\/7764\/revisions\/7771"}],"wp:featuredmedia":[{"embeddable":true,"href":"https:\/\/prefeitura.santarosa.rs.gov.br\/index.php?rest_route=\/wp\/v2\/media\/7770"}],"wp:attachment":[{"href":"https:\/\/prefeitura.santarosa.rs.gov.br\/index.php?rest_route=%2Fwp%2Fv2%2Fmedia&parent=7764"}],"wp:term":[{"taxonomy":"category","embeddable":true,"href":"https:\/\/prefeitura.santarosa.rs.gov.br\/index.php?rest_route=%2Fwp%2Fv2%2Fcategories&post=7764"},{"taxonomy":"post_tag","embeddable":true,"href":"https:\/\/prefeitura.santarosa.rs.gov.br\/index.php?rest_route=%2Fwp%2Fv2%2Ftags&post=7764"}],"curies":[{"name":"wp","href":"https:\/\/api.w.org\/{rel}","templated":true}]}}