{"id":7718,"date":"2023-08-02T16:28:00","date_gmt":"2023-08-02T19:28:00","guid":{"rendered":"https:\/\/prefeitura.santarosa.rs.gov.br\/?p=7718"},"modified":"2024-10-07T09:53:11","modified_gmt":"2024-10-07T12:53:11","slug":"culto-ecumenico-marca-a-abertura-das-comemoracoes-dos-92-anos-de-santa-rosa","status":"publish","type":"post","link":"https:\/\/prefeitura.santarosa.rs.gov.br\/?p=7718","title":{"rendered":"<strong>Culto Ecum\u00eanico marca a abertura das comemora\u00e7\u00f5es dos 92 anos de Santa Rosa<\/strong>"},"content":{"rendered":"\n<figure class=\"wp-block-image size-full\"><img fetchpriority=\"high\" decoding=\"async\" width=\"860\" height=\"645\" src=\"https:\/\/prefeitura.santarosa.rs.gov.br\/wp-content\/uploads\/2023\/08\/Formato-Site-e-Portal-860X645-JPG-2023-08-02T162118.895.jpg\" alt=\"\" class=\"wp-image-7719\" srcset=\"https:\/\/prefeitura.santarosa.rs.gov.br\/wp-content\/uploads\/2023\/08\/Formato-Site-e-Portal-860X645-JPG-2023-08-02T162118.895.jpg 860w, https:\/\/prefeitura.santarosa.rs.gov.br\/wp-content\/uploads\/2023\/08\/Formato-Site-e-Portal-860X645-JPG-2023-08-02T162118.895-300x225.jpg 300w, https:\/\/prefeitura.santarosa.rs.gov.br\/wp-content\/uploads\/2023\/08\/Formato-Site-e-Portal-860X645-JPG-2023-08-02T162118.895-768x576.jpg 768w\" sizes=\"(max-width: 860px) 100vw, 860px\" \/><\/figure>\n\n\n\n<p>Na manh\u00e3 desta quarta-feira (02), foi realizado o Culto Ecum\u00eanico que marcou o in\u00edcio das comemora\u00e7\u00f5es do anivers\u00e1rio do munic\u00edpio. A atividade faz parte da programa\u00e7\u00e3o oficial dos 92 anos de Santa Rosa. O evento ocorreu no Centro C\u00edvico Cultural Ant\u00f4nio Carlos Borges e contou com a presen\u00e7a de diversos l\u00edderes religiosos, prefeito, vice-prefeito, autoridades, secret\u00e1rios da administra\u00e7\u00e3o p\u00fablica, servidores municipais e da comunidade.<\/p>\n\n\n\n<p>O Prefeito Anderson Mantei realizou a abertura da semana do munic\u00edpio, destacando o momento \u00edmpar que Santa Rosa est\u00e1 vivendo, de expans\u00e3o, progresso e constante evolu\u00e7\u00e3o, \u201cSomos uma terra de gente que trabalha, que luta e que busca sempre mais desenvolvimento. O trabalho em conjunto e o voluntariado mostram o quanto somos um povo diferenciado e o resultado est\u00e1 nessa cidade t\u00e3o boa de se viver, ent\u00e3o hoje, s\u00f3 podemos agradecer a Deus e desejar que esses 92 anos sejam ainda de mais prosperidade para todos n\u00f3s\u201d.<\/p>\n\n\n\n<p>Os secret\u00e1rios levaram ao palco, objetos representando os diferentes setores da administra\u00e7\u00e3o p\u00fablica. Os l\u00edderes eclesi\u00e1sticos realizaram a liturgia ecum\u00eanica, com uma palavra de reflex\u00e3o ao p\u00fablico e aben\u00e7oaram os objetos trazidos pelas secretarias. Foi feita uma ora\u00e7\u00e3o pelos 92 anos da cidade e por todos que aqui vivem. O evento tamb\u00e9m contou com apresenta\u00e7\u00f5es do Coral Ecum\u00eanico 24 de Julho, que entoou diversas can\u00e7\u00f5es, entre elas, o Hino de Santa Rosa.<\/p>\n","protected":false},"excerpt":{"rendered":"<p>Na manh\u00e3 desta quarta-feira (02), foi realizado o Culto Ecum\u00eanico que marcou o in\u00edcio das comemora\u00e7\u00f5es do anivers\u00e1rio do munic\u00edpio.<\/p>\n","protected":false},"author":6,"featured_media":7720,"comment_status":"closed","ping_status":"closed","sticky":false,"template":"","format":"standard","meta":{"footnotes":""},"categories":[4,3],"tags":[],"class_list":["post-7718","post","type-post","status-publish","format-standard","has-post-thumbnail","hentry","category-noticias","category-gabinete-do-prefeito"],"aioseo_notices":[],"_links":{"self":[{"href":"https:\/\/prefeitura.santarosa.rs.gov.br\/index.php?rest_route=\/wp\/v2\/posts\/7718","targetHints":{"allow":["GET"]}}],"collection":[{"href":"https:\/\/prefeitura.santarosa.rs.gov.br\/index.php?rest_route=\/wp\/v2\/posts"}],"about":[{"href":"https:\/\/prefeitura.santarosa.rs.gov.br\/index.php?rest_route=\/wp\/v2\/types\/post"}],"author":[{"embeddable":true,"href":"https:\/\/prefeitura.santarosa.rs.gov.br\/index.php?rest_route=\/wp\/v2\/users\/6"}],"replies":[{"embeddable":true,"href":"https:\/\/prefeitura.santarosa.rs.gov.br\/index.php?rest_route=%2Fwp%2Fv2%2Fcomments&post=7718"}],"version-history":[{"count":1,"href":"https:\/\/prefeitura.santarosa.rs.gov.br\/index.php?rest_route=\/wp\/v2\/posts\/7718\/revisions"}],"predecessor-version":[{"id":7721,"href":"https:\/\/prefeitura.santarosa.rs.gov.br\/index.php?rest_route=\/wp\/v2\/posts\/7718\/revisions\/7721"}],"wp:featuredmedia":[{"embeddable":true,"href":"https:\/\/prefeitura.santarosa.rs.gov.br\/index.php?rest_route=\/wp\/v2\/media\/7720"}],"wp:attachment":[{"href":"https:\/\/prefeitura.santarosa.rs.gov.br\/index.php?rest_route=%2Fwp%2Fv2%2Fmedia&parent=7718"}],"wp:term":[{"taxonomy":"category","embeddable":true,"href":"https:\/\/prefeitura.santarosa.rs.gov.br\/index.php?rest_route=%2Fwp%2Fv2%2Fcategories&post=7718"},{"taxonomy":"post_tag","embeddable":true,"href":"https:\/\/prefeitura.santarosa.rs.gov.br\/index.php?rest_route=%2Fwp%2Fv2%2Ftags&post=7718"}],"curies":[{"name":"wp","href":"https:\/\/api.w.org\/{rel}","templated":true}]}}