{"id":7689,"date":"2023-07-31T10:02:13","date_gmt":"2023-07-31T13:02:13","guid":{"rendered":"https:\/\/prefeitura.santarosa.rs.gov.br\/?p=7689"},"modified":"2024-10-07T09:53:11","modified_gmt":"2024-10-07T12:53:11","slug":"anderson-mantei-e-osmar-terra-avancam-nas-tratativas-do-polo-tecnologico-tecnopuc-agro-santa-rosa","status":"publish","type":"post","link":"https:\/\/prefeitura.santarosa.rs.gov.br\/?p=7689","title":{"rendered":"<strong>Anderson Mantei e Osmar Terra avan\u00e7am nas tratativas do Polo Tecnol\u00f3gico Tecnopuc Agro Santa Rosa<\/strong>"},"content":{"rendered":"\n<figure class=\"wp-block-image size-full\"><img fetchpriority=\"high\" decoding=\"async\" width=\"860\" height=\"645\" src=\"https:\/\/prefeitura.santarosa.rs.gov.br\/wp-content\/uploads\/2023\/07\/Formato-Site-e-Portal-860X645-JPG-2023-07-28T164033.252.jpg\" alt=\"\" class=\"wp-image-7690\" srcset=\"https:\/\/prefeitura.santarosa.rs.gov.br\/wp-content\/uploads\/2023\/07\/Formato-Site-e-Portal-860X645-JPG-2023-07-28T164033.252.jpg 860w, https:\/\/prefeitura.santarosa.rs.gov.br\/wp-content\/uploads\/2023\/07\/Formato-Site-e-Portal-860X645-JPG-2023-07-28T164033.252-300x225.jpg 300w, https:\/\/prefeitura.santarosa.rs.gov.br\/wp-content\/uploads\/2023\/07\/Formato-Site-e-Portal-860X645-JPG-2023-07-28T164033.252-768x576.jpg 768w\" sizes=\"(max-width: 860px) 100vw, 860px\" \/><\/figure>\n\n\n\n<p>O Prefeito Anderson Mantei e o Deputado Federal Osmar Terra estiveram na sexta-feira (28), em Porto Alegre, para realizar importantes avan\u00e7os na implementa\u00e7\u00e3o do Polo Tecnol\u00f3gico Tecnopuc Agro Santa Rosa. Na oportunidade, foi elaborado o contrato com a Tecnopuc que ser\u00e1 assinado em Santa Rosa em setembro, com a presen\u00e7a do Reitor da PUCRS, Ir. Evil\u00e1zio Teixeira. O objetivo \u00e9 conectar produtores, fornecedores, cooperativas, startups, pesquisadores e investidores no setor do agroneg\u00f3cio, gerando oportunidades e mais desenvolvimento para o munic\u00edpio.<\/p>\n\n\n\n<p>Durante a \u00faltima semana, Anderson Mantei, Osmar Terra e o Secret\u00e1rio de Desenvolvimento Econ\u00f4mico, Odaylson Eder, participaram de reuni\u00f5es com as principais empresas do agroneg\u00f3cio de Santa Rosa, John Deere, AGCO, Alibem e Stara e todas, manifestaram interesse em participar do Polo Tecnopuc. \u201cVivemos em uma cidade pr\u00f3spera, de gente trabalhadora e que est\u00e1 em pleno desenvolvimento, principalmente no setor do agro, que \u00e9 um dos principais setores de neg\u00f3cios da regi\u00e3o. S\u00e3o grandes empresas que v\u00e3o desenvolver novas tecnologias aqui e tornar a nossa cidade um dos maiores centros de pesquisas no Brasil\u201d, destacou Anderson Mantei.<\/p>\n\n\n\n<p>No momento, a prefeitura est\u00e1 em processo da loca\u00e7\u00e3o de um pr\u00e9dio para instalar o polo no munic\u00edpio. O Deputado Federal Osmar Terra, ressaltou que este \u00e9 um grande projeto que h\u00e1 tempos vem sendo tratado, e que agora, com a participa\u00e7\u00e3o efetiva do munic\u00edpio, est\u00e1 avan\u00e7ando, \u201cO processo est\u00e1 acontecendo e em breve vamos apresentar para a comunidade, o novo parque tecnol\u00f3gico, o primeiro no interior do estado do Rio Grande do Sul. Nosso objetivo \u00e9 valorizar os talentos da nossa cidade que v\u00e3o poder desenvolver suas tecnologias aqui e promover ainda mais o desenvolvimento de Santa Rosa\u201d.<\/p>\n\n\n\n<p>A Tecnopuc Porto Alegre \u00e9 o principal parque tecnol\u00f3gico da Am\u00e9rica Latina, possui um movimento di\u00e1rio de 25 mil pessoas e com a presen\u00e7a das principais empresas de tecnologia do mundo. Pela primeira vez, o parque vai ter uma extens\u00e3o da capital no interior do Rio Grande do Sul. Participaram do encontro na Capital, o Reitor da PUCRS, Ir. Evil\u00e1zio Teixeira, o Coordenador do Celeiro Agro Hub de Porto Alegre e Santa Rosa, Lu\u00eds Humberto Villwock, o Superintendente de Inova\u00e7\u00e3o e Desenvolvimento da PUCRS e do Tecnopuc, Jorge Audy e o Rela\u00e7\u00f5es Institucionais, Solimar dos Santos Amaro.<\/p>\n","protected":false},"excerpt":{"rendered":"<p>O Prefeito Anderson Mantei e o Deputado Federal Osmar Terra estiveram na sexta-feira (28), em Porto Alegre, para realizar importantes<\/p>\n","protected":false},"author":6,"featured_media":7691,"comment_status":"closed","ping_status":"closed","sticky":false,"template":"","format":"standard","meta":{"footnotes":""},"categories":[4,16,3],"tags":[],"class_list":["post-7689","post","type-post","status-publish","format-standard","has-post-thumbnail","hentry","category-noticias","category-secretaria-municipal-de-desenvolvimento-economico-turismo-e-tecnologia","category-gabinete-do-prefeito"],"aioseo_notices":[],"_links":{"self":[{"href":"https:\/\/prefeitura.santarosa.rs.gov.br\/index.php?rest_route=\/wp\/v2\/posts\/7689","targetHints":{"allow":["GET"]}}],"collection":[{"href":"https:\/\/prefeitura.santarosa.rs.gov.br\/index.php?rest_route=\/wp\/v2\/posts"}],"about":[{"href":"https:\/\/prefeitura.santarosa.rs.gov.br\/index.php?rest_route=\/wp\/v2\/types\/post"}],"author":[{"embeddable":true,"href":"https:\/\/prefeitura.santarosa.rs.gov.br\/index.php?rest_route=\/wp\/v2\/users\/6"}],"replies":[{"embeddable":true,"href":"https:\/\/prefeitura.santarosa.rs.gov.br\/index.php?rest_route=%2Fwp%2Fv2%2Fcomments&post=7689"}],"version-history":[{"count":1,"href":"https:\/\/prefeitura.santarosa.rs.gov.br\/index.php?rest_route=\/wp\/v2\/posts\/7689\/revisions"}],"predecessor-version":[{"id":7692,"href":"https:\/\/prefeitura.santarosa.rs.gov.br\/index.php?rest_route=\/wp\/v2\/posts\/7689\/revisions\/7692"}],"wp:featuredmedia":[{"embeddable":true,"href":"https:\/\/prefeitura.santarosa.rs.gov.br\/index.php?rest_route=\/wp\/v2\/media\/7691"}],"wp:attachment":[{"href":"https:\/\/prefeitura.santarosa.rs.gov.br\/index.php?rest_route=%2Fwp%2Fv2%2Fmedia&parent=7689"}],"wp:term":[{"taxonomy":"category","embeddable":true,"href":"https:\/\/prefeitura.santarosa.rs.gov.br\/index.php?rest_route=%2Fwp%2Fv2%2Fcategories&post=7689"},{"taxonomy":"post_tag","embeddable":true,"href":"https:\/\/prefeitura.santarosa.rs.gov.br\/index.php?rest_route=%2Fwp%2Fv2%2Ftags&post=7689"}],"curies":[{"name":"wp","href":"https:\/\/api.w.org\/{rel}","templated":true}]}}