{"id":7679,"date":"2023-07-28T09:04:28","date_gmt":"2023-07-28T12:04:28","guid":{"rendered":"https:\/\/prefeitura.santarosa.rs.gov.br\/?p=7679"},"modified":"2024-10-07T09:53:11","modified_gmt":"2024-10-07T12:53:11","slug":"fumssar-realiza-oficina-de-teleatendimento-sobre-saude-digital","status":"publish","type":"post","link":"https:\/\/prefeitura.santarosa.rs.gov.br\/?p=7679","title":{"rendered":"<strong>FUMSSAR realiza oficina de teleatendimento sobre Sa\u00fade Digital<\/strong>"},"content":{"rendered":"\n<figure class=\"wp-block-image size-full\"><img fetchpriority=\"high\" decoding=\"async\" width=\"860\" height=\"645\" src=\"https:\/\/prefeitura.santarosa.rs.gov.br\/wp-content\/uploads\/2023\/07\/Formato-Site-e-Portal-860X645-JPG-2023-07-27T171146.446.jpg\" alt=\"\" class=\"wp-image-7680\" srcset=\"https:\/\/prefeitura.santarosa.rs.gov.br\/wp-content\/uploads\/2023\/07\/Formato-Site-e-Portal-860X645-JPG-2023-07-27T171146.446.jpg 860w, https:\/\/prefeitura.santarosa.rs.gov.br\/wp-content\/uploads\/2023\/07\/Formato-Site-e-Portal-860X645-JPG-2023-07-27T171146.446-300x225.jpg 300w, https:\/\/prefeitura.santarosa.rs.gov.br\/wp-content\/uploads\/2023\/07\/Formato-Site-e-Portal-860X645-JPG-2023-07-27T171146.446-768x576.jpg 768w\" sizes=\"(max-width: 860px) 100vw, 860px\" \/><\/figure>\n\n\n\n<p>A Funda\u00e7\u00e3o Municipal de Sa\u00fade realizou um importante avan\u00e7o para o teleatendimento no munic\u00edpio. Na tarde desta quinta-feira (27), os coordenadores das 18 Unidades B\u00e1sicas de Sa\u00fade de Santa Rosa, que fazem parte da Aten\u00e7\u00e3o Prim\u00e1ria \u00e0 Sa\u00fade \u2013 APS, participaram de um encontro remoto sobre: Sa\u00fade Digital. A oficina de teleatendimento realizada de modo online, abordou os diferentes aspectos do tema. O objetivo foi trazer mais conhecimento e capacitar os profissionais de sa\u00fade paras as novas tecnologias.<\/p>\n\n\n\n<p>A Sa\u00fade Digital \u00e9 uma \u00e1rea em constante evolu\u00e7\u00e3o que utiliza os avan\u00e7os tecnol\u00f3gicos para melhorar a presta\u00e7\u00e3o dos servi\u00e7os de sa\u00fade. Esse campo abrange uma ampla gama de tecnologias e aplicativos que trazem benef\u00edcios para os pacientes, os profissionais e o SUS como um todo. Para o Presidente da FUMSSAR, D\u00e9lcio Stefan, o objetivo do teleatendimento \u00e9 promover mais efici\u00eancia, acesso, precis\u00e3o e personaliza\u00e7\u00e3o dos cuidados para a popula\u00e7\u00e3o, \u201cEstamos trabalhando em educa\u00e7\u00e3o permanente e avan\u00e7ando no tema da telemedicina, sa\u00fade digital e sa\u00fade 5.0. Nosso objetivo \u00e9 ir al\u00e9m e oferecer um cuidado integral para os santa-rosenses\u201d.<\/p>\n\n\n\n<p>A oficina de teleatendimento na APS foi realizada pelo m\u00e9dico de fam\u00edlia Luciano Nader e pela enfermeira Mariana Lobato, que estavam de modo online, capacitando e conversando com os profissionais de sa\u00fade da FUMSSAR. A a\u00e7\u00e3o foi planejada pela Diretora do DGAPS, Dra. Fabiana Breitenbach, em parceria com o N\u00facleo de Ensino e Pesquisa &#8211; NEP. Nesta sexta-feira (28), a oficina ser\u00e1 realizada de modo presencial no NEP, dando continuidade ao tema escolhido.<\/p>\n","protected":false},"excerpt":{"rendered":"<p>A Funda\u00e7\u00e3o Municipal de Sa\u00fade realizou um importante avan\u00e7o para o teleatendimento no munic\u00edpio. Na tarde desta quinta-feira (27), os<\/p>\n","protected":false},"author":6,"featured_media":7681,"comment_status":"closed","ping_status":"closed","sticky":false,"template":"","format":"standard","meta":{"footnotes":""},"categories":[4,8],"tags":[],"class_list":["post-7679","post","type-post","status-publish","format-standard","has-post-thumbnail","hentry","category-noticias","category-noticias-fumssar"],"aioseo_notices":[],"_links":{"self":[{"href":"https:\/\/prefeitura.santarosa.rs.gov.br\/index.php?rest_route=\/wp\/v2\/posts\/7679","targetHints":{"allow":["GET"]}}],"collection":[{"href":"https:\/\/prefeitura.santarosa.rs.gov.br\/index.php?rest_route=\/wp\/v2\/posts"}],"about":[{"href":"https:\/\/prefeitura.santarosa.rs.gov.br\/index.php?rest_route=\/wp\/v2\/types\/post"}],"author":[{"embeddable":true,"href":"https:\/\/prefeitura.santarosa.rs.gov.br\/index.php?rest_route=\/wp\/v2\/users\/6"}],"replies":[{"embeddable":true,"href":"https:\/\/prefeitura.santarosa.rs.gov.br\/index.php?rest_route=%2Fwp%2Fv2%2Fcomments&post=7679"}],"version-history":[{"count":1,"href":"https:\/\/prefeitura.santarosa.rs.gov.br\/index.php?rest_route=\/wp\/v2\/posts\/7679\/revisions"}],"predecessor-version":[{"id":7682,"href":"https:\/\/prefeitura.santarosa.rs.gov.br\/index.php?rest_route=\/wp\/v2\/posts\/7679\/revisions\/7682"}],"wp:featuredmedia":[{"embeddable":true,"href":"https:\/\/prefeitura.santarosa.rs.gov.br\/index.php?rest_route=\/wp\/v2\/media\/7681"}],"wp:attachment":[{"href":"https:\/\/prefeitura.santarosa.rs.gov.br\/index.php?rest_route=%2Fwp%2Fv2%2Fmedia&parent=7679"}],"wp:term":[{"taxonomy":"category","embeddable":true,"href":"https:\/\/prefeitura.santarosa.rs.gov.br\/index.php?rest_route=%2Fwp%2Fv2%2Fcategories&post=7679"},{"taxonomy":"post_tag","embeddable":true,"href":"https:\/\/prefeitura.santarosa.rs.gov.br\/index.php?rest_route=%2Fwp%2Fv2%2Ftags&post=7679"}],"curies":[{"name":"wp","href":"https:\/\/api.w.org\/{rel}","templated":true}]}}