{"id":7653,"date":"2023-07-25T17:06:09","date_gmt":"2023-07-25T20:06:09","guid":{"rendered":"https:\/\/prefeitura.santarosa.rs.gov.br\/?p=7653"},"modified":"2024-10-07T09:53:11","modified_gmt":"2024-10-07T12:53:11","slug":"secretaria-de-desenvolvimento-social-promove-workshop-sobre-superacao-e-autoconhecimento","status":"publish","type":"post","link":"https:\/\/prefeitura.santarosa.rs.gov.br\/?p=7653","title":{"rendered":"<strong>Secretaria de Desenvolvimento Social promove workshop sobre supera\u00e7\u00e3o e autoconhecimento<\/strong>"},"content":{"rendered":"\n<figure class=\"wp-block-image size-full\"><img fetchpriority=\"high\" decoding=\"async\" width=\"860\" height=\"645\" src=\"https:\/\/prefeitura.santarosa.rs.gov.br\/wp-content\/uploads\/2023\/07\/Formato-Site-e-Portal-860X645-JPG-2023-07-25T170331.718.jpg\" alt=\"\" class=\"wp-image-7654\" srcset=\"https:\/\/prefeitura.santarosa.rs.gov.br\/wp-content\/uploads\/2023\/07\/Formato-Site-e-Portal-860X645-JPG-2023-07-25T170331.718.jpg 860w, https:\/\/prefeitura.santarosa.rs.gov.br\/wp-content\/uploads\/2023\/07\/Formato-Site-e-Portal-860X645-JPG-2023-07-25T170331.718-300x225.jpg 300w, https:\/\/prefeitura.santarosa.rs.gov.br\/wp-content\/uploads\/2023\/07\/Formato-Site-e-Portal-860X645-JPG-2023-07-25T170331.718-768x576.jpg 768w\" sizes=\"(max-width: 860px) 100vw, 860px\" \/><\/figure>\n\n\n\n<p>A Secretaria de Desenvolvimento Social atrav\u00e9s da equipe do Centro de Refer\u00eancia Regional de Atendimento \u00e0 Mulher Dirce Gr\u00f6sz, realizou nesta ter\u00e7a-feira (25), um workshop. A a\u00e7\u00e3o aconteceu no N\u00facleo de Ensino e Pesquisa \u2013 NEP e reuniu mulheres atendidas pelo servi\u00e7o e servidoras do munic\u00edpio. O objetivo foi proporcionar ferramentas para o desenvolvimento e empoderamento das mulheres.<\/p>\n\n\n\n<p>Na oportunidade, foi realizada uma palestra com o tema: \u201cO Poder da Supera\u00e7\u00e3o e do Autoconhecimento\u201d pela especialista em Avalia\u00e7\u00e3o de Comunica\u00e7\u00e3o Pessoal, Diana Ceolin. A palestrante refor\u00e7ou que a viol\u00eancia pode ser vivenciada em diferentes momentos da vida. Dessa forma, cabe a cada um identificar e buscar formas de romper com este ciclo. O Vice-Prefeito Aldemir Ulrich acompanhou o evento e destacou que Santa Rosa conta com uma rede de apoio e prote\u00e7\u00e3o preparada para ajudar e fortalecer as mulheres, auxiliando para que as mesmas se tornem protagonistas de sua hist\u00f3ria, \u201cEste \u00e9 um tema muito importante e que bom que hoje temos a oportunidade de ouvir e aprender um pouco mais sobre o autoconhecimento. A partir desta habilidade, conseguimos conduzir melhor as nossas vidas, com mais amor-pr\u00f3prio e responsabilidade\u201d.<\/p>\n\n\n\n<p>O Centro de Refer\u00eancia conta com uma equipe multiprofissional. Estavam presentes no encontro, a Gerente do CRRAM Dirce Gr\u00f6sz, Mariza Oleynek, a assistente social, Elisabete Wornath da Rosa, as psic\u00f3logas Paula Carolina Geib e Claci Venites, o advogado Rafael Marodin e a equipe de apoio, Nelida Gulewicz e Michell Shein.<\/p>\n","protected":false},"excerpt":{"rendered":"<p>A Secretaria de Desenvolvimento Social atrav\u00e9s da equipe do Centro de Refer\u00eancia Regional de Atendimento \u00e0 Mulher Dirce Gr\u00f6sz, realizou<\/p>\n","protected":false},"author":6,"featured_media":7655,"comment_status":"closed","ping_status":"closed","sticky":false,"template":"","format":"standard","meta":{"footnotes":""},"categories":[4,17],"tags":[],"class_list":["post-7653","post","type-post","status-publish","format-standard","has-post-thumbnail","hentry","category-noticias","category-secretaria-municipal-de-desenvolvimento-social"],"aioseo_notices":[],"_links":{"self":[{"href":"https:\/\/prefeitura.santarosa.rs.gov.br\/index.php?rest_route=\/wp\/v2\/posts\/7653","targetHints":{"allow":["GET"]}}],"collection":[{"href":"https:\/\/prefeitura.santarosa.rs.gov.br\/index.php?rest_route=\/wp\/v2\/posts"}],"about":[{"href":"https:\/\/prefeitura.santarosa.rs.gov.br\/index.php?rest_route=\/wp\/v2\/types\/post"}],"author":[{"embeddable":true,"href":"https:\/\/prefeitura.santarosa.rs.gov.br\/index.php?rest_route=\/wp\/v2\/users\/6"}],"replies":[{"embeddable":true,"href":"https:\/\/prefeitura.santarosa.rs.gov.br\/index.php?rest_route=%2Fwp%2Fv2%2Fcomments&post=7653"}],"version-history":[{"count":1,"href":"https:\/\/prefeitura.santarosa.rs.gov.br\/index.php?rest_route=\/wp\/v2\/posts\/7653\/revisions"}],"predecessor-version":[{"id":7656,"href":"https:\/\/prefeitura.santarosa.rs.gov.br\/index.php?rest_route=\/wp\/v2\/posts\/7653\/revisions\/7656"}],"wp:featuredmedia":[{"embeddable":true,"href":"https:\/\/prefeitura.santarosa.rs.gov.br\/index.php?rest_route=\/wp\/v2\/media\/7655"}],"wp:attachment":[{"href":"https:\/\/prefeitura.santarosa.rs.gov.br\/index.php?rest_route=%2Fwp%2Fv2%2Fmedia&parent=7653"}],"wp:term":[{"taxonomy":"category","embeddable":true,"href":"https:\/\/prefeitura.santarosa.rs.gov.br\/index.php?rest_route=%2Fwp%2Fv2%2Fcategories&post=7653"},{"taxonomy":"post_tag","embeddable":true,"href":"https:\/\/prefeitura.santarosa.rs.gov.br\/index.php?rest_route=%2Fwp%2Fv2%2Ftags&post=7653"}],"curies":[{"name":"wp","href":"https:\/\/api.w.org\/{rel}","templated":true}]}}