{"id":7645,"date":"2023-07-25T15:06:29","date_gmt":"2023-07-25T18:06:29","guid":{"rendered":"https:\/\/prefeitura.santarosa.rs.gov.br\/?p=7645"},"modified":"2024-10-07T09:53:11","modified_gmt":"2024-10-07T12:53:11","slug":"programacao-dos-92-anos-de-santa-rosa-inicia-na-proxima-semana","status":"publish","type":"post","link":"https:\/\/prefeitura.santarosa.rs.gov.br\/?p=7645","title":{"rendered":"<strong>Programa\u00e7\u00e3o dos 92 anos de Santa Rosa inicia na pr\u00f3xima semana<\/strong>"},"content":{"rendered":"\n<figure class=\"wp-block-image size-full\"><img fetchpriority=\"high\" decoding=\"async\" width=\"860\" height=\"645\" src=\"https:\/\/prefeitura.santarosa.rs.gov.br\/wp-content\/uploads\/2023\/07\/Formato-Site-e-Portal-860X645-JPG-2023-07-25T150448.668.jpg\" alt=\"\" class=\"wp-image-7646\" srcset=\"https:\/\/prefeitura.santarosa.rs.gov.br\/wp-content\/uploads\/2023\/07\/Formato-Site-e-Portal-860X645-JPG-2023-07-25T150448.668.jpg 860w, https:\/\/prefeitura.santarosa.rs.gov.br\/wp-content\/uploads\/2023\/07\/Formato-Site-e-Portal-860X645-JPG-2023-07-25T150448.668-300x225.jpg 300w, https:\/\/prefeitura.santarosa.rs.gov.br\/wp-content\/uploads\/2023\/07\/Formato-Site-e-Portal-860X645-JPG-2023-07-25T150448.668-768x576.jpg 768w\" sizes=\"(max-width: 860px) 100vw, 860px\" \/><\/figure>\n\n\n\n<p>O m\u00eas de agosto come\u00e7a com muito significado e grandes comemora\u00e7\u00f5es. Na pr\u00f3xima quarta-feira (02\/08), iniciam as atividades em celebra\u00e7\u00e3o aos 92 anos do munic\u00edpio. Santa Rosa vive um momento de expans\u00e3o, progresso e constante evolu\u00e7\u00e3o e s\u00e3o muitos os motivos para festejar e agradecer. Com mais de 100 de obras conclu\u00eddas e dezenas em andamento, a cidade ganha mais infraestrutura e qualidade vida. &nbsp;Ser\u00e3o muitas atra\u00e7\u00f5es para comemorar o dia 10 de agosto, a data que marca mais um ano de hist\u00f3ria dessa cidade modelo e orgulho dos santa-rosenses.<\/p>\n\n\n\n<p>As atividades preparadas para celebrar a data, est\u00e3o na programa\u00e7\u00e3o oficial do munic\u00edpio. Escolas, entidades, institui\u00e7\u00f5es e volunt\u00e1rios se mobilizaram para contribuir com as comemora\u00e7\u00f5es. O Prefeito Anderson Mantei, ressalta o sentimento de gratid\u00e3o em poder celebrar mais um anivers\u00e1rio do munic\u00edpio, \u201c\u00c9 uma alegria poder vivenciar mais um ano na hist\u00f3ria da nossa querida Santa Rosa e uma honra estar como prefeito dessa cidade que tanto nos orgulha. Vivemos um excelente momento de expans\u00e3o, desenvolvimento e crescimento e o nosso objetivo \u00e9 avan\u00e7ar ainda mais para construir uma Santa Rosa, ainda melhor para se viver\u201d.<\/p>\n\n\n\n<p>A abertura ser\u00e1 marcada por um Culto Ecum\u00eanico. A celebra\u00e7\u00e3o vai acontecer no dia 02\/08, no Centro C\u00edvico Cultural Ant\u00f4nio Carlos Borges, \u00e0s 09h45min, com a participa\u00e7\u00e3o do Coral 24 de Julho. No mesmo dia, \u00e0s 19h30min, vai ser realizado um show da Orquestra Jovem, tamb\u00e9m no Centro C\u00edvico. Na quinta-feira (03), \u00e0s 09h vai ser realizado no Centro de Conviv\u00eancia do Idoso, um Torneio de Canastra, com cart\u00e3o de almo\u00e7o por ades\u00e3o. Dia 04 de agosto, ser\u00e1 realizado no Palco do Tape Por\u00e3 (em frente ao Stock Center), uma oficina com circuito de gaitas e talentos, \u00e0s 15h30min e \u00e0s 19h, um show com Thomas Machado.<\/p>\n\n\n\n<p>No dia 05, data em que tamb\u00e9m \u00e9 celebrado o Dia Nacional da Sa\u00fade, vai acontecer \u00e0s 08h, a Feira da Pra\u00e7a, na Pra\u00e7a da Bandeira com a participa\u00e7\u00e3o da equipe da Farm\u00e1cia Panvel com a A\u00e7\u00e3o &#8220;Cuidando da Sa\u00fade&#8221;: verifica\u00e7\u00e3o de press\u00e3o arterial e glicemia. No mesmo hor\u00e1rio, ser\u00e1 realizada a Abertura do Campeonato de C\u00e2mbio, no Gin\u00e1sio Liminha e a Abertura da Temporada H\u00edpica San Mart\u00edn, no 19\u00ba RC MEC. Na parte da tarde, \u00e0s 15h30min, no Palco do Tape Por\u00e3 vai ser realizada uma oficina com circuito de imigra\u00e7\u00e3o em teatro e \u00e0s 16h30min, um show com Herta e Bandinha.<\/p>\n\n\n\n<p>No domingo, dia 06 de agosto, as atra\u00e7\u00f5es continuam no Palco do Tape Por\u00e3, com uma oficina de dan\u00e7as tradicionais, \u00e0s 15h30min e um show com o CTG Rancho Crioulo, \u00e0s 16h30min. No dia 07, segunda-feira, as atividades se concentram em frente \u00e0 Prefeitura de Santa Rosa. \u00c0s 08h, ser\u00e1 realizada uma apresenta\u00e7\u00e3o da Banda Marcial da Escola C\u00edvico-Militar Coronel Raul Oliveira e \u00e0s 08h20min, uma apresenta\u00e7\u00e3o dos alunos do programa Karat\u00ea para Todos. Na parte da tarde, \u00e0s 14h, apresenta\u00e7\u00e3o com os alunos da EMEI Expedicion\u00e1rio Weber, \u00e0s 14h10min, com os alunos da EMEI S\u00e3o Francisco de Assis e \u00e0s 14h20min com o grupo de dan\u00e7a alem\u00e3 da EMEF Paul Harris.<\/p>\n\n\n\n<p>Na quarta-feira, 09\/08, ser\u00e1 realizado \u00e0s 21h, no Clube Conc\u00f3rdia, o Baile Oficial do Munic\u00edpio em comemora\u00e7\u00e3o aos 92 anos de Santa Rosa, com anima\u00e7\u00e3o da Banda Itamone. No mesmo hor\u00e1rio, vai acontecer no Sal\u00e3o da Comunidade do KM 3, o Jantar Baile do Chopp. No dia 10 de agosto, data em que Santa Rosa completa 92 anos, inicia tamb\u00e9m o 34\u00ba Encontro Estadual de Hortigranjeiros, \u00e0s 10h, no Parque de Exposi\u00e7\u00f5es Alfredo Leandro Carlson. Confira as demais atividades da programa\u00e7\u00e3o, nas p\u00e1ginas oficiais da Prefeitura de Santa Rosa.<\/p>\n","protected":false},"excerpt":{"rendered":"<p>O m\u00eas de agosto come\u00e7a com muito significado e grandes comemora\u00e7\u00f5es. Na pr\u00f3xima quarta-feira (02\/08), iniciam as atividades em celebra\u00e7\u00e3o<\/p>\n","protected":false},"author":6,"featured_media":7647,"comment_status":"closed","ping_status":"closed","sticky":false,"template":"","format":"standard","meta":{"footnotes":""},"categories":[4,3],"tags":[],"class_list":["post-7645","post","type-post","status-publish","format-standard","has-post-thumbnail","hentry","category-noticias","category-gabinete-do-prefeito"],"aioseo_notices":[],"_links":{"self":[{"href":"https:\/\/prefeitura.santarosa.rs.gov.br\/index.php?rest_route=\/wp\/v2\/posts\/7645","targetHints":{"allow":["GET"]}}],"collection":[{"href":"https:\/\/prefeitura.santarosa.rs.gov.br\/index.php?rest_route=\/wp\/v2\/posts"}],"about":[{"href":"https:\/\/prefeitura.santarosa.rs.gov.br\/index.php?rest_route=\/wp\/v2\/types\/post"}],"author":[{"embeddable":true,"href":"https:\/\/prefeitura.santarosa.rs.gov.br\/index.php?rest_route=\/wp\/v2\/users\/6"}],"replies":[{"embeddable":true,"href":"https:\/\/prefeitura.santarosa.rs.gov.br\/index.php?rest_route=%2Fwp%2Fv2%2Fcomments&post=7645"}],"version-history":[{"count":1,"href":"https:\/\/prefeitura.santarosa.rs.gov.br\/index.php?rest_route=\/wp\/v2\/posts\/7645\/revisions"}],"predecessor-version":[{"id":7648,"href":"https:\/\/prefeitura.santarosa.rs.gov.br\/index.php?rest_route=\/wp\/v2\/posts\/7645\/revisions\/7648"}],"wp:featuredmedia":[{"embeddable":true,"href":"https:\/\/prefeitura.santarosa.rs.gov.br\/index.php?rest_route=\/wp\/v2\/media\/7647"}],"wp:attachment":[{"href":"https:\/\/prefeitura.santarosa.rs.gov.br\/index.php?rest_route=%2Fwp%2Fv2%2Fmedia&parent=7645"}],"wp:term":[{"taxonomy":"category","embeddable":true,"href":"https:\/\/prefeitura.santarosa.rs.gov.br\/index.php?rest_route=%2Fwp%2Fv2%2Fcategories&post=7645"},{"taxonomy":"post_tag","embeddable":true,"href":"https:\/\/prefeitura.santarosa.rs.gov.br\/index.php?rest_route=%2Fwp%2Fv2%2Ftags&post=7645"}],"curies":[{"name":"wp","href":"https:\/\/api.w.org\/{rel}","templated":true}]}}