{"id":7641,"date":"2023-07-24T16:29:16","date_gmt":"2023-07-24T19:29:16","guid":{"rendered":"https:\/\/prefeitura.santarosa.rs.gov.br\/?p=7641"},"modified":"2024-10-07T09:53:11","modified_gmt":"2024-10-07T12:53:11","slug":"baile-do-municipio-vai-celebrar-os-92-anos-de-santa-rosa","status":"publish","type":"post","link":"https:\/\/prefeitura.santarosa.rs.gov.br\/?p=7641","title":{"rendered":"Baile do Munic\u00edpio vai celebrar os 92 anos de Santa Rosa"},"content":{"rendered":"\n<figure class=\"wp-block-image size-full\"><img fetchpriority=\"high\" decoding=\"async\" width=\"860\" height=\"645\" src=\"https:\/\/prefeitura.santarosa.rs.gov.br\/wp-content\/uploads\/2023\/07\/Formato-Site-e-Portal-860X645-JPG-2023-07-24T162544.260.jpg\" alt=\"\" class=\"wp-image-7642\" srcset=\"https:\/\/prefeitura.santarosa.rs.gov.br\/wp-content\/uploads\/2023\/07\/Formato-Site-e-Portal-860X645-JPG-2023-07-24T162544.260.jpg 860w, https:\/\/prefeitura.santarosa.rs.gov.br\/wp-content\/uploads\/2023\/07\/Formato-Site-e-Portal-860X645-JPG-2023-07-24T162544.260-300x225.jpg 300w, https:\/\/prefeitura.santarosa.rs.gov.br\/wp-content\/uploads\/2023\/07\/Formato-Site-e-Portal-860X645-JPG-2023-07-24T162544.260-768x576.jpg 768w\" sizes=\"(max-width: 860px) 100vw, 860px\" \/><\/figure>\n\n\n\n<p>O m\u00eas de agosto se aproxima e com ele, as comemora\u00e7\u00f5es dos 92 anos de Santa Rosa. Para celebrar este momento t\u00e3o especial, a Prefeitura em parceria com a Associa\u00e7\u00e3o Santa-Rosense de C\u00e2mbio \u2013 Asscam, vai realizar um Baile Oficial do munic\u00edpio. O evento vai acontecer no dia 09 de agosto, \u00e0s 21 horas na quarta-feira, um dia antes da data oficial do anivers\u00e1rio de Santa Rosa.<\/p>\n\n\n\n<p>O baile ser\u00e1 no Clube Conc\u00f3rdia, com anima\u00e7\u00e3o da Banda Itamone de Caxias do Sul. Com repert\u00f3rio variado, a atra\u00e7\u00e3o promete animar a festa que prev\u00ea a participa\u00e7\u00e3o de mais de 200 pessoas. O Presidente da Asscam, D\u00e1rio Hickert, destacou a a\u00e7\u00e3o, \u201cEstamos muito contentes em promover o Baile Oficial do Munic\u00edpio, nesta data t\u00e3o significativa para a nossa cidade. Santa Rosa merece esse presente de anivers\u00e1rio e com certeza ser\u00e1 um grande sucesso. Queremos agradecer ao Poder Executivo, em nome do Prefeito Anderson Mantei, que aceitou o desafio para fazermos essa parceria e desfrutarmos deste evento que vai celebrar o desenvolvimento e a hist\u00f3ria do nosso munic\u00edpio\u201d.<\/p>\n\n\n\n<p>Mais informa\u00e7\u00f5es sobre o Baile Oficial, entrar em contato com a Prefeitura de Santa Rosa.<\/p>\n","protected":false},"excerpt":{"rendered":"<p>O m\u00eas de agosto se aproxima e com ele, as comemora\u00e7\u00f5es dos 92 anos de Santa Rosa. Para celebrar este<\/p>\n","protected":false},"author":6,"featured_media":7643,"comment_status":"closed","ping_status":"closed","sticky":false,"template":"","format":"standard","meta":{"footnotes":""},"categories":[4,3],"tags":[],"class_list":["post-7641","post","type-post","status-publish","format-standard","has-post-thumbnail","hentry","category-noticias","category-gabinete-do-prefeito"],"aioseo_notices":[],"_links":{"self":[{"href":"https:\/\/prefeitura.santarosa.rs.gov.br\/index.php?rest_route=\/wp\/v2\/posts\/7641","targetHints":{"allow":["GET"]}}],"collection":[{"href":"https:\/\/prefeitura.santarosa.rs.gov.br\/index.php?rest_route=\/wp\/v2\/posts"}],"about":[{"href":"https:\/\/prefeitura.santarosa.rs.gov.br\/index.php?rest_route=\/wp\/v2\/types\/post"}],"author":[{"embeddable":true,"href":"https:\/\/prefeitura.santarosa.rs.gov.br\/index.php?rest_route=\/wp\/v2\/users\/6"}],"replies":[{"embeddable":true,"href":"https:\/\/prefeitura.santarosa.rs.gov.br\/index.php?rest_route=%2Fwp%2Fv2%2Fcomments&post=7641"}],"version-history":[{"count":1,"href":"https:\/\/prefeitura.santarosa.rs.gov.br\/index.php?rest_route=\/wp\/v2\/posts\/7641\/revisions"}],"predecessor-version":[{"id":7644,"href":"https:\/\/prefeitura.santarosa.rs.gov.br\/index.php?rest_route=\/wp\/v2\/posts\/7641\/revisions\/7644"}],"wp:featuredmedia":[{"embeddable":true,"href":"https:\/\/prefeitura.santarosa.rs.gov.br\/index.php?rest_route=\/wp\/v2\/media\/7643"}],"wp:attachment":[{"href":"https:\/\/prefeitura.santarosa.rs.gov.br\/index.php?rest_route=%2Fwp%2Fv2%2Fmedia&parent=7641"}],"wp:term":[{"taxonomy":"category","embeddable":true,"href":"https:\/\/prefeitura.santarosa.rs.gov.br\/index.php?rest_route=%2Fwp%2Fv2%2Fcategories&post=7641"},{"taxonomy":"post_tag","embeddable":true,"href":"https:\/\/prefeitura.santarosa.rs.gov.br\/index.php?rest_route=%2Fwp%2Fv2%2Ftags&post=7641"}],"curies":[{"name":"wp","href":"https:\/\/api.w.org\/{rel}","templated":true}]}}