{"id":7637,"date":"2023-07-24T15:56:04","date_gmt":"2023-07-24T18:56:04","guid":{"rendered":"https:\/\/prefeitura.santarosa.rs.gov.br\/?p=7637"},"modified":"2024-10-07T09:53:11","modified_gmt":"2024-10-07T12:53:11","slug":"vice-prefeito-recebe-deputado-federal-osmar-terra","status":"publish","type":"post","link":"https:\/\/prefeitura.santarosa.rs.gov.br\/?p=7637","title":{"rendered":"<strong>Vice-Prefeito recebe Deputado Federal Osmar Terra<\/strong>"},"content":{"rendered":"\n<figure class=\"wp-block-image size-full\"><img fetchpriority=\"high\" decoding=\"async\" width=\"860\" height=\"645\" src=\"https:\/\/prefeitura.santarosa.rs.gov.br\/wp-content\/uploads\/2023\/07\/Formato-Site-e-Portal-860X645-JPG-2023-07-24T154202.121.jpg\" alt=\"\" class=\"wp-image-7638\" srcset=\"https:\/\/prefeitura.santarosa.rs.gov.br\/wp-content\/uploads\/2023\/07\/Formato-Site-e-Portal-860X645-JPG-2023-07-24T154202.121.jpg 860w, https:\/\/prefeitura.santarosa.rs.gov.br\/wp-content\/uploads\/2023\/07\/Formato-Site-e-Portal-860X645-JPG-2023-07-24T154202.121-300x225.jpg 300w, https:\/\/prefeitura.santarosa.rs.gov.br\/wp-content\/uploads\/2023\/07\/Formato-Site-e-Portal-860X645-JPG-2023-07-24T154202.121-768x576.jpg 768w\" sizes=\"(max-width: 860px) 100vw, 860px\" \/><\/figure>\n\n\n\n<p>O Vice-Prefeito Aldemir Ulrich recebeu nesta segunda-feira (24), no gabinete, a visita do Deputado Federal Osmar Terra e do Vice-Prefeito e Secret\u00e1rio de Sa\u00fade de Passo Fundo, Jo\u00e3o Pedro Nunes. O objetivo do encontro foi apresentar o funcionamento da Prefeitura de Santa Rosa e os servi\u00e7os dispon\u00edveis no munic\u00edpio.<\/p>\n\n\n\n<p>Na oportunidade, foram abordados temas como educa\u00e7\u00e3o, sa\u00fade e desenvolvimento regional. O Vice-Prefeito Aldemir Ulrich, destacou os projetos que est\u00e3o em andamento no munic\u00edpio, \u201c\u00c9 sempre uma alegria poder compartilhar as a\u00e7\u00f5es que est\u00e3o acontecendo em Santa Rosa. Temos sido uma cidade modelo e destaque nas \u00e1reas da sa\u00fade, educa\u00e7\u00e3o, mobilidade urbana e principalmente, nas solu\u00e7\u00f5es em infraestrutura que tem promovido cada vez mais, o desenvolvimento da nossa cidade\u201d.<\/p>\n\n\n\n<p>Durante o dia, as autoridades participaram de diversas agendas. Entre elas, na Funda\u00e7\u00e3o Municipal de Sa\u00fade \u2013 FUMSSAR, com uma equipe t\u00e9cnica de sa\u00fade de Passo Fundo. O Deputado Federal Osmar Terra, ressaltou que Santa Rosa tem muito a compartilhar, principalmente na \u00e1rea da sa\u00fade, \u201cEste \u00e9 um momento importante para trocarmos experi\u00eancias e aprender com o modelo de sa\u00fade p\u00fablica que \u00e9 desenvolvido com excel\u00eancia aqui em Santa Rosa. Foi uma oportunidade incr\u00edvel para conhecer mais sobre a cria\u00e7\u00e3o das primeiras equipes de sa\u00fade de fam\u00edlia do Brasil e dos planos de amplia\u00e7\u00e3o dos servi\u00e7os e especialidades que atendem toda a regi\u00e3o\u201d. Participou tamb\u00e9m das atividades, a Presidente do Conselho Regional de Desenvolvimento &#8211; COREDE Fronteira Noroeste, Vanice de Matos.<\/p>\n","protected":false},"excerpt":{"rendered":"<p>O Vice-Prefeito Aldemir Ulrich recebeu nesta segunda-feira (24), no gabinete, a visita do Deputado Federal Osmar Terra e do Vice-Prefeito<\/p>\n","protected":false},"author":6,"featured_media":7639,"comment_status":"closed","ping_status":"closed","sticky":false,"template":"","format":"standard","meta":{"footnotes":""},"categories":[4,9],"tags":[],"class_list":["post-7637","post","type-post","status-publish","format-standard","has-post-thumbnail","hentry","category-noticias","category-gabinete-do-vice-prefeito"],"aioseo_notices":[],"_links":{"self":[{"href":"https:\/\/prefeitura.santarosa.rs.gov.br\/index.php?rest_route=\/wp\/v2\/posts\/7637","targetHints":{"allow":["GET"]}}],"collection":[{"href":"https:\/\/prefeitura.santarosa.rs.gov.br\/index.php?rest_route=\/wp\/v2\/posts"}],"about":[{"href":"https:\/\/prefeitura.santarosa.rs.gov.br\/index.php?rest_route=\/wp\/v2\/types\/post"}],"author":[{"embeddable":true,"href":"https:\/\/prefeitura.santarosa.rs.gov.br\/index.php?rest_route=\/wp\/v2\/users\/6"}],"replies":[{"embeddable":true,"href":"https:\/\/prefeitura.santarosa.rs.gov.br\/index.php?rest_route=%2Fwp%2Fv2%2Fcomments&post=7637"}],"version-history":[{"count":1,"href":"https:\/\/prefeitura.santarosa.rs.gov.br\/index.php?rest_route=\/wp\/v2\/posts\/7637\/revisions"}],"predecessor-version":[{"id":7640,"href":"https:\/\/prefeitura.santarosa.rs.gov.br\/index.php?rest_route=\/wp\/v2\/posts\/7637\/revisions\/7640"}],"wp:featuredmedia":[{"embeddable":true,"href":"https:\/\/prefeitura.santarosa.rs.gov.br\/index.php?rest_route=\/wp\/v2\/media\/7639"}],"wp:attachment":[{"href":"https:\/\/prefeitura.santarosa.rs.gov.br\/index.php?rest_route=%2Fwp%2Fv2%2Fmedia&parent=7637"}],"wp:term":[{"taxonomy":"category","embeddable":true,"href":"https:\/\/prefeitura.santarosa.rs.gov.br\/index.php?rest_route=%2Fwp%2Fv2%2Fcategories&post=7637"},{"taxonomy":"post_tag","embeddable":true,"href":"https:\/\/prefeitura.santarosa.rs.gov.br\/index.php?rest_route=%2Fwp%2Fv2%2Ftags&post=7637"}],"curies":[{"name":"wp","href":"https:\/\/api.w.org\/{rel}","templated":true}]}}